{"id":912,"date":"2012-03-19T13:31:54","date_gmt":"2012-03-19T13:31:54","guid":{"rendered":"http:\/\/www.cafephotomarseille.org\/?p=912"},"modified":"2012-12-16T18:08:19","modified_gmt":"2012-12-16T18:08:19","slug":"cpm-24-mars-2012","status":"publish","type":"post","link":"https:\/\/www.cafephotomarseille.org\/?p=912","title":{"rendered":"CPM # 24 MARS 2012"},"content":{"rendered":"<p style=\"padding-left: 30px;\">Le prochain rendez-vous du Caf\u00e9 photo Marseille est fix\u00e9 au <strong>samedi 24 mars 2012 \u00e0 9h30, 12 rue Dragon &#8211; 13006 Marseille<\/strong><\/p>\n<blockquote><p><strong>L&rsquo;ordre du jour (non-fig\u00e9) :<\/strong><\/p>\n<ul>\n<li>Les dates des prochaines expos, dans la rubrique Tous \u00e0 vos agendas !<\/li>\n<li><span style=\"color: #000000;\">Pr\u00e9paration de la sortie photo au festival du nu d&rsquo;Arles le 12 ou le 13 mai, \u00e0 la discussion<br \/>\n<\/span><\/li>\n<li><span style=\"color: #000000;\">A voir sortie photo en juin. Th\u00e8me et lieu \u00e0 d\u00e9finir&#8230;<\/span><\/li>\n<li><span style=\"color: #000000;\">Intervention de Jean-Luc et Michel concernant la photo \u00e0 Aix le 21\/04<\/span><\/li>\n<li>Retour sur les vernissages et ressentis&#8230;<\/li>\n<li>Intervention de Laurent Grino. Il vous expliquera tout lui-m\u00eame !<\/li>\n<li>Pr\u00e9sentation du premier Appel \u00e0 participation r\u00e9serv\u00e9 exclusivement aux photographes du Caf\u00e9 Photo Marseille pour le OFF de Marseille 2013 sur le th\u00e8me \u00ab\u00a0Ensemble(s)\u00a0\u00bb. Tout un programme me direz-vous, que j&rsquo;aurai la lourde t\u00e2che de vous pr\u00e9senter avec Didier Casalta, r\u00e9f\u00e9rent \u00e9galement sur ce projet.<\/li>\n<li>Pr\u00e9sentation du d\u00e9veloppement web du caf\u00e9 Photo Marseille par la GO(tti) et de la Cafeine Web Team : Michel Brack &#8211; Alain Giraud &#8211; Pascal Bousquet &#8211; Didier Casalta &#8211; Philippe Garcin-Marcon &#8211; Sophie Gotti &#8211; Avec les \u00e9volutions \u00e0 venir.<\/li>\n<\/ul>\n<p>Et comme toujours&#8230; La r\u00e9cr\u00e9ation photographique.<br \/>\nAvec pr\u00e9sentation des travaux, essais, jeux photographiques&#8230;<\/p>\n<p>A tr\u00e8s bient\u00f4t !<\/p>\n<div id=\"lmm_error\" style=\"margin: 5px 0;margin-bottom: 5px;padding: 5px;text-align: center;font-size: 12px;border: 1px solid red;background: #fff;\">Error: map could not be loaded - a map with the ID does not exist. Please contact the site owner.<\/div><\/blockquote>\n","protected":false},"excerpt":{"rendered":"<p>Le prochain rendez-vous du Caf\u00e9 photo Marseille est fix\u00e9 au samedi 24 mars 2012 \u00e0 9h30, 12 rue Dragon &#8211; 13006 Marseille L&rsquo;ordre du jour (non-fig\u00e9) : Les dates des prochaines expos, dans la rubrique Tous \u00e0 vos agendas ! Pr\u00e9paration de la sortie photo au festival du nu d&rsquo;Arles le 12 ou le 13 &hellip; <\/p>\n<p class=\"link-more\"><a href=\"https:\/\/www.cafephotomarseille.org\/?p=912\" class=\"more-link\">Lire la suite de<span class=\"screen-reader-text\">\u00ab\u00a0CPM # 24 MARS 2012\u00a0\u00bb<\/span><\/a><\/p>\n","protected":false},"author":3,"featured_media":915,"comment_status":"open","ping_status":"closed","sticky":false,"template":"","format":"standard","meta":{"footnotes":""},"categories":[12],"tags":[59,60,58],"class_list":["post-912","post","type-post","status-publish","format-standard","has-post-thumbnail","hentry","category-rdv-mensuel","tag-cafe-photo-marseille","tag-mars-2012","tag-rendez-vous"],"featured_media_urls":{"thumbnail":["https:\/\/www.cafephotomarseille.org\/wp-content\/uploads\/2012\/03\/jmv-290x290.jpg",290,290,true],"medium":["https:\/\/www.cafephotomarseille.org\/wp-content\/uploads\/2012\/03\/jmv-192x288.jpg",192,288,true],"medium_large":["https:\/\/www.cafephotomarseille.org\/wp-content\/uploads\/2012\/03\/jmv.jpg",480,720,false],"large":["https:\/\/www.cafephotomarseille.org\/wp-content\/uploads\/2012\/03\/jmv-329x494.jpg",329,494,true],"1536x1536":["https:\/\/www.cafephotomarseille.org\/wp-content\/uploads\/2012\/03\/jmv.jpg",480,720,false],"2048x2048":["https:\/\/www.cafephotomarseille.org\/wp-content\/uploads\/2012\/03\/jmv.jpg",480,720,false],"inspiro-featured-image":["https:\/\/www.cafephotomarseille.org\/wp-content\/uploads\/2012\/03\/jmv.jpg",480,720,false],"inspiro-loop":["https:\/\/www.cafephotomarseille.org\/wp-content\/uploads\/2012\/03\/jmv-480x320.jpg",480,320,true],"inspiro-loop@2x":["https:\/\/www.cafephotomarseille.org\/wp-content\/uploads\/2012\/03\/jmv-480x640.jpg",480,640,true],"portfolio_item-thumbnail":["https:\/\/www.cafephotomarseille.org\/wp-content\/uploads\/2012\/03\/jmv-480x400.jpg",480,400,true],"portfolio_item-thumbnail@2x":["https:\/\/www.cafephotomarseille.org\/wp-content\/uploads\/2012\/03\/jmv.jpg",480,720,false],"portfolio_item-masonry":["https:\/\/www.cafephotomarseille.org\/wp-content\/uploads\/2012\/03\/jmv.jpg",480,720,false],"portfolio_item-masonry@2x":["https:\/\/www.cafephotomarseille.org\/wp-content\/uploads\/2012\/03\/jmv.jpg",480,720,false],"portfolio_item-thumbnail_cinema":["https:\/\/www.cafephotomarseille.org\/wp-content\/uploads\/2012\/03\/jmv-480x335.jpg",480,335,true],"portfolio_item-thumbnail_portrait":["https:\/\/www.cafephotomarseille.org\/wp-content\/uploads\/2012\/03\/jmv.jpg",480,720,false],"portfolio_item-thumbnail_portrait@2x":["https:\/\/www.cafephotomarseille.org\/wp-content\/uploads\/2012\/03\/jmv.jpg",480,720,false],"portfolio_item-thumbnail_square":["https:\/\/www.cafephotomarseille.org\/wp-content\/uploads\/2012\/03\/jmv.jpg",480,720,false]},"_links":{"self":[{"href":"https:\/\/www.cafephotomarseille.org\/index.php?rest_route=\/wp\/v2\/posts\/912","targetHints":{"allow":["GET"]}}],"collection":[{"href":"https:\/\/www.cafephotomarseille.org\/index.php?rest_route=\/wp\/v2\/posts"}],"about":[{"href":"https:\/\/www.cafephotomarseille.org\/index.php?rest_route=\/wp\/v2\/types\/post"}],"author":[{"embeddable":true,"href":"https:\/\/www.cafephotomarseille.org\/index.php?rest_route=\/wp\/v2\/users\/3"}],"replies":[{"embeddable":true,"href":"https:\/\/www.cafephotomarseille.org\/index.php?rest_route=%2Fwp%2Fv2%2Fcomments&post=912"}],"version-history":[{"count":23,"href":"https:\/\/www.cafephotomarseille.org\/index.php?rest_route=\/wp\/v2\/posts\/912\/revisions"}],"predecessor-version":[{"id":1989,"href":"https:\/\/www.cafephotomarseille.org\/index.php?rest_route=\/wp\/v2\/posts\/912\/revisions\/1989"}],"wp:featuredmedia":[{"embeddable":true,"href":"https:\/\/www.cafephotomarseille.org\/index.php?rest_route=\/wp\/v2\/media\/915"}],"wp:attachment":[{"href":"https:\/\/www.cafephotomarseille.org\/index.php?rest_route=%2Fwp%2Fv2%2Fmedia&parent=912"}],"wp:term":[{"taxonomy":"category","embeddable":true,"href":"https:\/\/www.cafephotomarseille.org\/index.php?rest_route=%2Fwp%2Fv2%2Fcategories&post=912"},{"taxonomy":"post_tag","embeddable":true,"href":"https:\/\/www.cafephotomarseille.org\/index.php?rest_route=%2Fwp%2Fv2%2Ftags&post=912"}],"curies":[{"name":"wp","href":"https:\/\/api.w.org\/{rel}","templated":true}]}}