{"id":3878,"date":"2023-12-31T15:41:21","date_gmt":"2023-12-31T15:41:21","guid":{"rendered":"https:\/\/www.cafephotomarseille.org\/?p=3878"},"modified":"2023-12-31T15:45:52","modified_gmt":"2023-12-31T15:45:52","slug":"bye-bye-2023-bonjour-2024","status":"publish","type":"post","link":"https:\/\/www.cafephotomarseille.org\/?p=3878","title":{"rendered":"Bye bye 2023, bonjour 2024 !"},"content":{"rendered":"\n<p>Petite r\u00e9trospective de quelques temps forts de l&rsquo;ann\u00e9e 2023 au CPM avec en moyenne 55 adh\u00e9rents pr\u00e9sents par RDV mensuels, plus de 450 personnes de passage \u00e0 l&rsquo;exposition collective, un partenariat r\u00e9ussi avec la Fontaine Obscure sur Arles et aussi des sorties, St Chamas, \u00e0 l&rsquo;exposition de Flore \u00e0 la Villa Tamaris, \u00e0 Arles&#8230; et le secret Santa sp\u00e9cial \u00e9change de photos entre adh\u00e9rents avec pr\u00e8s de 45 participants !<\/p>\n\n\n\n<p>Merci, merci, merci de votre fid\u00e9lit\u00e9, bienvenue aux nouveaux qui nous rejoignent.<br>Prochain RDV samedi 27 janvier 2024 \u00e0 9h30 \u00e0. la Fabulerie \ud83d\ude42<\/p>\n\n\n\n<p>Il est toujours possible d&rsquo;adh\u00e9rer, les infos sont ici : <a href=\"https:\/\/www.cafephotomarseille.org\/?page_id=2062\">https:\/\/www.cafephotomarseille.org\/?page_id=2062<\/a><\/p>\n\n\n\n<figure class=\"wp-block-video aligncenter\"><video controls src=\"https:\/\/www.cafephotomarseille.org\/wp-content\/uploads\/2023\/12\/VF-CARRE-CPM-FB-Bye-bye.mp4\"><\/video><\/figure>\n","protected":false},"excerpt":{"rendered":"<p>Petite r\u00e9trospective de quelques temps forts de l&rsquo;ann\u00e9e 2023 au CPM avec en moyenne 55 adh\u00e9rents pr\u00e9sents par RDV mensuels, plus de 450 personnes de passage \u00e0 l&rsquo;exposition collective, un partenariat r\u00e9ussi avec la Fontaine Obscure sur Arles et aussi des sorties, St Chamas, \u00e0 l&rsquo;exposition de Flore \u00e0 la Villa Tamaris, \u00e0 Arles&#8230; et &hellip; <\/p>\n<p class=\"link-more\"><a href=\"https:\/\/www.cafephotomarseille.org\/?p=3878\" class=\"more-link\">Lire la suite de<span class=\"screen-reader-text\">\u00ab\u00a0Bye bye 2023, bonjour 2024 !\u00a0\u00bb<\/span><\/a><\/p>\n","protected":false},"author":1,"featured_media":3882,"comment_status":"closed","ping_status":"closed","sticky":false,"template":"","format":"standard","meta":{"footnotes":""},"categories":[6,14],"tags":[],"class_list":["post-3878","post","type-post","status-publish","format-standard","has-post-thumbnail","hentry","category-agenda","category-zoom-sur"],"featured_media_urls":{"thumbnail":["https:\/\/www.cafephotomarseille.org\/wp-content\/uploads\/2023\/12\/412861586_10229381365213574_1421626610258720128_n-290x290.jpg",290,290,true],"medium":["https:\/\/www.cafephotomarseille.org\/wp-content\/uploads\/2023\/12\/412861586_10229381365213574_1421626610258720128_n-288x134.jpg",288,134,true],"medium_large":["https:\/\/www.cafephotomarseille.org\/wp-content\/uploads\/2023\/12\/412861586_10229381365213574_1421626610258720128_n-768x358.jpg",768,358,true],"large":["https:\/\/www.cafephotomarseille.org\/wp-content\/uploads\/2023\/12\/412861586_10229381365213574_1421626610258720128_n-494x230.jpg",494,230,true],"1536x1536":["https:\/\/www.cafephotomarseille.org\/wp-content\/uploads\/2023\/12\/412861586_10229381365213574_1421626610258720128_n-1536x715.jpg",1536,715,true],"2048x2048":["https:\/\/www.cafephotomarseille.org\/wp-content\/uploads\/2023\/12\/412861586_10229381365213574_1421626610258720128_n-2048x954.jpg",2048,954,true],"inspiro-featured-image":["https:\/\/www.cafephotomarseille.org\/wp-content\/uploads\/2023\/12\/412861586_10229381365213574_1421626610258720128_n-2000x931.jpg",2000,931,true],"inspiro-loop":["https:\/\/www.cafephotomarseille.org\/wp-content\/uploads\/2023\/12\/412861586_10229381365213574_1421626610258720128_n-950x320.jpg",950,320,true],"inspiro-loop@2x":["https:\/\/www.cafephotomarseille.org\/wp-content\/uploads\/2023\/12\/412861586_10229381365213574_1421626610258720128_n-1900x640.jpg",1900,640,true],"portfolio_item-thumbnail":["https:\/\/www.cafephotomarseille.org\/wp-content\/uploads\/2023\/12\/412861586_10229381365213574_1421626610258720128_n-600x400.jpg",600,400,true],"portfolio_item-thumbnail@2x":["https:\/\/www.cafephotomarseille.org\/wp-content\/uploads\/2023\/12\/412861586_10229381365213574_1421626610258720128_n-1200x800.jpg",1200,800,true],"portfolio_item-masonry":["https:\/\/www.cafephotomarseille.org\/wp-content\/uploads\/2023\/12\/412861586_10229381365213574_1421626610258720128_n-600x279.jpg",600,279,true],"portfolio_item-masonry@2x":["https:\/\/www.cafephotomarseille.org\/wp-content\/uploads\/2023\/12\/412861586_10229381365213574_1421626610258720128_n-1200x559.jpg",1200,559,true],"portfolio_item-thumbnail_cinema":["https:\/\/www.cafephotomarseille.org\/wp-content\/uploads\/2023\/12\/412861586_10229381365213574_1421626610258720128_n-800x335.jpg",800,335,true],"portfolio_item-thumbnail_portrait":["https:\/\/www.cafephotomarseille.org\/wp-content\/uploads\/2023\/12\/412861586_10229381365213574_1421626610258720128_n-600x900.jpg",600,900,true],"portfolio_item-thumbnail_portrait@2x":["https:\/\/www.cafephotomarseille.org\/wp-content\/uploads\/2023\/12\/412861586_10229381365213574_1421626610258720128_n-1200x1397.jpg",1200,1397,true],"portfolio_item-thumbnail_square":["https:\/\/www.cafephotomarseille.org\/wp-content\/uploads\/2023\/12\/412861586_10229381365213574_1421626610258720128_n-800x800.jpg",800,800,true]},"_links":{"self":[{"href":"https:\/\/www.cafephotomarseille.org\/index.php?rest_route=\/wp\/v2\/posts\/3878","targetHints":{"allow":["GET"]}}],"collection":[{"href":"https:\/\/www.cafephotomarseille.org\/index.php?rest_route=\/wp\/v2\/posts"}],"about":[{"href":"https:\/\/www.cafephotomarseille.org\/index.php?rest_route=\/wp\/v2\/types\/post"}],"author":[{"embeddable":true,"href":"https:\/\/www.cafephotomarseille.org\/index.php?rest_route=\/wp\/v2\/users\/1"}],"replies":[{"embeddable":true,"href":"https:\/\/www.cafephotomarseille.org\/index.php?rest_route=%2Fwp%2Fv2%2Fcomments&post=3878"}],"version-history":[{"count":2,"href":"https:\/\/www.cafephotomarseille.org\/index.php?rest_route=\/wp\/v2\/posts\/3878\/revisions"}],"predecessor-version":[{"id":3881,"href":"https:\/\/www.cafephotomarseille.org\/index.php?rest_route=\/wp\/v2\/posts\/3878\/revisions\/3881"}],"wp:featuredmedia":[{"embeddable":true,"href":"https:\/\/www.cafephotomarseille.org\/index.php?rest_route=\/wp\/v2\/media\/3882"}],"wp:attachment":[{"href":"https:\/\/www.cafephotomarseille.org\/index.php?rest_route=%2Fwp%2Fv2%2Fmedia&parent=3878"}],"wp:term":[{"taxonomy":"category","embeddable":true,"href":"https:\/\/www.cafephotomarseille.org\/index.php?rest_route=%2Fwp%2Fv2%2Fcategories&post=3878"},{"taxonomy":"post_tag","embeddable":true,"href":"https:\/\/www.cafephotomarseille.org\/index.php?rest_route=%2Fwp%2Fv2%2Ftags&post=3878"}],"curies":[{"name":"wp","href":"https:\/\/api.w.org\/{rel}","templated":true}]}}