{"id":3672,"date":"2023-07-06T20:39:47","date_gmt":"2023-07-06T20:39:47","guid":{"rendered":"https:\/\/www.cafephotomarseille.org\/?p=3672"},"modified":"2023-07-06T20:39:47","modified_gmt":"2023-07-06T20:39:47","slug":"arles-2023-the-place-to-be","status":"publish","type":"post","link":"https:\/\/www.cafephotomarseille.org\/?p=3672","title":{"rendered":"<strong>ARLES 2023\u2026 THE PLACE TO BE !<\/strong>"},"content":{"rendered":"\n<p>Le CPM est heureux d\u2019\u00eatre cette ann\u00e9e repr\u00e9sent\u00e9 \u00e0 Arles \u00e0 l\u2019invitation de la Fontaine Obscure.Du 10 au 16 juillet, retrouvez 4 photographes du CPM : Jean-Luc DUBOIS, Sophie GOTTI, Jean Paul NOGUES et Anne-Claude SIMON, \u00e0 la Galerie du 21 rue de la Libert\u00e9, salle vout\u00e9e en sous-sol, \u00e0 l\u2019invitation de la Fontaine Obscure.<\/p>\n\n\n\n<p>Des s\u00e9ries sensibles, \u00e0 d\u00e9couvrir tous les jours de 10h \u00e0 18h avec \u00e0 l\u2019\u00e9tage, une s\u00e9lection de la FO. Cl\u00f4ture de l\u2019exposition le dimanche 16 juillet \u00e0 12H.<br>N\u2019h\u00e9sitez pas \u00e0 laisser un message sur le livre d\u2019or en passant !<br>Au plaisir,<br>Sophie GOTTI, pr\u00e9sidente du CAFE PHOTO MARSEILLE (CPM)<\/p>\n\n\n\n<p><strong>L\u2019\u00e9v\u00e9nement FB :&nbsp;https:\/\/fb.me\/e\/3KslrFQfk<\/strong><\/p>\n","protected":false},"excerpt":{"rendered":"<p>Le CPM est heureux d\u2019\u00eatre cette ann\u00e9e repr\u00e9sent\u00e9 \u00e0 Arles \u00e0 l\u2019invitation de la Fontaine Obscure.Du 10 au 16 juillet, retrouvez 4 photographes du CPM : Jean-Luc DUBOIS, Sophie GOTTI, Jean Paul NOGUES et Anne-Claude SIMON, \u00e0 la Galerie du 21 rue de la Libert\u00e9, salle vout\u00e9e en sous-sol, \u00e0 l\u2019invitation de la Fontaine Obscure. &hellip; <\/p>\n<p class=\"link-more\"><a href=\"https:\/\/www.cafephotomarseille.org\/?p=3672\" class=\"more-link\">Lire la suite de<span class=\"screen-reader-text\">\u00ab\u00a0<strong>ARLES 2023\u2026 THE PLACE TO BE !<\/strong>\u00a0\u00bb<\/span><\/a><\/p>\n","protected":false},"author":1,"featured_media":3667,"comment_status":"closed","ping_status":"closed","sticky":false,"template":"","format":"standard","meta":{"footnotes":""},"categories":[6],"tags":[],"class_list":["post-3672","post","type-post","status-publish","format-standard","has-post-thumbnail","hentry","category-agenda"],"featured_media_urls":{"thumbnail":["https:\/\/www.cafephotomarseille.org\/wp-content\/uploads\/2023\/07\/COUV-FB-290x290.png",290,290,true],"medium":["https:\/\/www.cafephotomarseille.org\/wp-content\/uploads\/2023\/07\/COUV-FB-288x162.png",288,162,true],"medium_large":["https:\/\/www.cafephotomarseille.org\/wp-content\/uploads\/2023\/07\/COUV-FB-768x432.png",768,432,true],"large":["https:\/\/www.cafephotomarseille.org\/wp-content\/uploads\/2023\/07\/COUV-FB-494x278.png",494,278,true],"1536x1536":["https:\/\/www.cafephotomarseille.org\/wp-content\/uploads\/2023\/07\/COUV-FB.png",1366,768,false],"2048x2048":["https:\/\/www.cafephotomarseille.org\/wp-content\/uploads\/2023\/07\/COUV-FB.png",1366,768,false],"inspiro-featured-image":["https:\/\/www.cafephotomarseille.org\/wp-content\/uploads\/2023\/07\/COUV-FB.png",1366,768,false],"inspiro-loop":["https:\/\/www.cafephotomarseille.org\/wp-content\/uploads\/2023\/07\/COUV-FB-950x320.png",950,320,true],"inspiro-loop@2x":["https:\/\/www.cafephotomarseille.org\/wp-content\/uploads\/2023\/07\/COUV-FB-1366x640.png",1366,640,true],"portfolio_item-thumbnail":["https:\/\/www.cafephotomarseille.org\/wp-content\/uploads\/2023\/07\/COUV-FB-600x400.png",600,400,true],"portfolio_item-thumbnail@2x":["https:\/\/www.cafephotomarseille.org\/wp-content\/uploads\/2023\/07\/COUV-FB-1200x768.png",1200,768,true],"portfolio_item-masonry":["https:\/\/www.cafephotomarseille.org\/wp-content\/uploads\/2023\/07\/COUV-FB-600x337.png",600,337,true],"portfolio_item-masonry@2x":["https:\/\/www.cafephotomarseille.org\/wp-content\/uploads\/2023\/07\/COUV-FB-1200x675.png",1200,675,true],"portfolio_item-thumbnail_cinema":["https:\/\/www.cafephotomarseille.org\/wp-content\/uploads\/2023\/07\/COUV-FB-800x335.png",800,335,true],"portfolio_item-thumbnail_portrait":["https:\/\/www.cafephotomarseille.org\/wp-content\/uploads\/2023\/07\/COUV-FB-600x768.png",600,768,true],"portfolio_item-thumbnail_portrait@2x":["https:\/\/www.cafephotomarseille.org\/wp-content\/uploads\/2023\/07\/COUV-FB-1200x768.png",1200,768,true],"portfolio_item-thumbnail_square":["https:\/\/www.cafephotomarseille.org\/wp-content\/uploads\/2023\/07\/COUV-FB-800x768.png",800,768,true]},"_links":{"self":[{"href":"https:\/\/www.cafephotomarseille.org\/index.php?rest_route=\/wp\/v2\/posts\/3672","targetHints":{"allow":["GET"]}}],"collection":[{"href":"https:\/\/www.cafephotomarseille.org\/index.php?rest_route=\/wp\/v2\/posts"}],"about":[{"href":"https:\/\/www.cafephotomarseille.org\/index.php?rest_route=\/wp\/v2\/types\/post"}],"author":[{"embeddable":true,"href":"https:\/\/www.cafephotomarseille.org\/index.php?rest_route=\/wp\/v2\/users\/1"}],"replies":[{"embeddable":true,"href":"https:\/\/www.cafephotomarseille.org\/index.php?rest_route=%2Fwp%2Fv2%2Fcomments&post=3672"}],"version-history":[{"count":1,"href":"https:\/\/www.cafephotomarseille.org\/index.php?rest_route=\/wp\/v2\/posts\/3672\/revisions"}],"predecessor-version":[{"id":3673,"href":"https:\/\/www.cafephotomarseille.org\/index.php?rest_route=\/wp\/v2\/posts\/3672\/revisions\/3673"}],"wp:featuredmedia":[{"embeddable":true,"href":"https:\/\/www.cafephotomarseille.org\/index.php?rest_route=\/wp\/v2\/media\/3667"}],"wp:attachment":[{"href":"https:\/\/www.cafephotomarseille.org\/index.php?rest_route=%2Fwp%2Fv2%2Fmedia&parent=3672"}],"wp:term":[{"taxonomy":"category","embeddable":true,"href":"https:\/\/www.cafephotomarseille.org\/index.php?rest_route=%2Fwp%2Fv2%2Fcategories&post=3672"},{"taxonomy":"post_tag","embeddable":true,"href":"https:\/\/www.cafephotomarseille.org\/index.php?rest_route=%2Fwp%2Fv2%2Ftags&post=3672"}],"curies":[{"name":"wp","href":"https:\/\/api.w.org\/{rel}","templated":true}]}}