{"id":3661,"date":"2023-06-02T05:21:18","date_gmt":"2023-06-02T05:21:18","guid":{"rendered":"https:\/\/www.cafephotomarseille.org\/?p=3661"},"modified":"2023-06-02T05:21:18","modified_gmt":"2023-06-02T05:21:18","slug":"sortie-photo-a-saint-chamas","status":"publish","type":"post","link":"https:\/\/www.cafephotomarseille.org\/?p=3661","title":{"rendered":"Sortie photo \u00e0 Saint-Chamas"},"content":{"rendered":"\n<p>Nos sorties collectives reprennent et avec elles, le plaisir de faire des photos ensemble !\u00a0<br>Le 17 juin, nous proposons \u00e0 nos adh\u00e9rents comme terrain de jeux <strong>Saint Chamas<\/strong>, au nord de l&rsquo;Etang de Berre.<br>Pour ceux qui n&rsquo;y sont pas (encore) all\u00e9s, Saint Chamas est \u00e0 50 kms de Marseille et \u00e0 15 kms de Salon de Provence. C&rsquo;est une petite ville de charme, assez atypique car elle s&rsquo;est d\u00e9velopp\u00e9e \u00e0 deux pas de l&rsquo;industriel massif ambiant tout en gardant son caract\u00e8re de village. Port, centre historique, village \u00e0 son rythme, \u00e9tang et ses bordures&#8230; De quoi s&rsquo;amuser, \u00e0 pied, car les sujets ne manquent pas ! Sur le retour, on longe l&rsquo;\u00e9tang de Berre, o\u00f9 d&rsquo;autres vues, bien plus industrielles, sont \u00e0 port\u00e9e de main et donc d&rsquo;appareil photo !<br>Nous vous donnons rendez vous \u00e0 10 heures, sur le (vieux) port. Le parking y est gratuit.<br>Pour d\u00e9jeuner, 2 solutions sont possibles. Vous choisissez l&rsquo;option piquenique, et, en bien \u00e9quip\u00e9s que vous \u00eates, soyez assur\u00e9s que les endroits pour le vivre sont nombreux et faciles d&rsquo;acc\u00e8s. Ou vous pr\u00e9f\u00e9rez d\u00e9jeuner dans un petit restaurant sur le port (r\u00e9cemment test\u00e9, comptez dans les 22 euros c\u00f4t\u00e9 prix).<br><strong>Ce dernier n\u00e9cessitant de r\u00e9server, quel que soit votre choix, vos inscriptions \u00e0 cette sortie et vos choix sont attendus sur cafephotomarseille@gmail.com<\/strong><\/p>\n\n\n\n<p>Lien vers l&rsquo;\u00e9v\u00e9nement Facebook : <a href=\"https:\/\/fb.me\/e\/rdDrk6dXn\">https:\/\/fb.me\/e\/rdDrk6dXn<\/a><\/p>\n","protected":false},"excerpt":{"rendered":"<p>Nos sorties collectives reprennent et avec elles, le plaisir de faire des photos ensemble !\u00a0Le 17 juin, nous proposons \u00e0 nos adh\u00e9rents comme terrain de jeux Saint Chamas, au nord de l&rsquo;Etang de Berre.Pour ceux qui n&rsquo;y sont pas (encore) all\u00e9s, Saint Chamas est \u00e0 50 kms de Marseille et \u00e0 15 kms de Salon &hellip; <\/p>\n<p class=\"link-more\"><a href=\"https:\/\/www.cafephotomarseille.org\/?p=3661\" class=\"more-link\">Lire la suite de<span class=\"screen-reader-text\">\u00ab\u00a0Sortie photo \u00e0 Saint-Chamas\u00a0\u00bb<\/span><\/a><\/p>\n","protected":false},"author":1,"featured_media":3662,"comment_status":"closed","ping_status":"closed","sticky":false,"template":"","format":"standard","meta":{"footnotes":""},"categories":[6],"tags":[],"class_list":["post-3661","post","type-post","status-publish","format-standard","has-post-thumbnail","hentry","category-agenda"],"featured_media_urls":{"thumbnail":["https:\/\/www.cafephotomarseille.org\/wp-content\/uploads\/2023\/06\/St-Chamas-290x290.jpeg",290,290,true],"medium":["https:\/\/www.cafephotomarseille.org\/wp-content\/uploads\/2023\/06\/St-Chamas-288x191.jpeg",288,191,true],"medium_large":["https:\/\/www.cafephotomarseille.org\/wp-content\/uploads\/2023\/06\/St-Chamas-768x510.jpeg",768,510,true],"large":["https:\/\/www.cafephotomarseille.org\/wp-content\/uploads\/2023\/06\/St-Chamas-494x328.jpeg",494,328,true],"1536x1536":["https:\/\/www.cafephotomarseille.org\/wp-content\/uploads\/2023\/06\/St-Chamas.jpeg",1200,797,false],"2048x2048":["https:\/\/www.cafephotomarseille.org\/wp-content\/uploads\/2023\/06\/St-Chamas.jpeg",1200,797,false],"inspiro-featured-image":["https:\/\/www.cafephotomarseille.org\/wp-content\/uploads\/2023\/06\/St-Chamas.jpeg",1200,797,false],"inspiro-loop":["https:\/\/www.cafephotomarseille.org\/wp-content\/uploads\/2023\/06\/St-Chamas-950x320.jpeg",950,320,true],"inspiro-loop@2x":["https:\/\/www.cafephotomarseille.org\/wp-content\/uploads\/2023\/06\/St-Chamas-1200x640.jpeg",1200,640,true],"portfolio_item-thumbnail":["https:\/\/www.cafephotomarseille.org\/wp-content\/uploads\/2023\/06\/St-Chamas-600x400.jpeg",600,400,true],"portfolio_item-thumbnail@2x":["https:\/\/www.cafephotomarseille.org\/wp-content\/uploads\/2023\/06\/St-Chamas.jpeg",1200,797,false],"portfolio_item-masonry":["https:\/\/www.cafephotomarseille.org\/wp-content\/uploads\/2023\/06\/St-Chamas-600x399.jpeg",600,399,true],"portfolio_item-masonry@2x":["https:\/\/www.cafephotomarseille.org\/wp-content\/uploads\/2023\/06\/St-Chamas.jpeg",1200,797,false],"portfolio_item-thumbnail_cinema":["https:\/\/www.cafephotomarseille.org\/wp-content\/uploads\/2023\/06\/St-Chamas-800x335.jpeg",800,335,true],"portfolio_item-thumbnail_portrait":["https:\/\/www.cafephotomarseille.org\/wp-content\/uploads\/2023\/06\/St-Chamas-600x797.jpeg",600,797,true],"portfolio_item-thumbnail_portrait@2x":["https:\/\/www.cafephotomarseille.org\/wp-content\/uploads\/2023\/06\/St-Chamas.jpeg",1200,797,false],"portfolio_item-thumbnail_square":["https:\/\/www.cafephotomarseille.org\/wp-content\/uploads\/2023\/06\/St-Chamas-800x797.jpeg",800,797,true]},"_links":{"self":[{"href":"https:\/\/www.cafephotomarseille.org\/index.php?rest_route=\/wp\/v2\/posts\/3661","targetHints":{"allow":["GET"]}}],"collection":[{"href":"https:\/\/www.cafephotomarseille.org\/index.php?rest_route=\/wp\/v2\/posts"}],"about":[{"href":"https:\/\/www.cafephotomarseille.org\/index.php?rest_route=\/wp\/v2\/types\/post"}],"author":[{"embeddable":true,"href":"https:\/\/www.cafephotomarseille.org\/index.php?rest_route=\/wp\/v2\/users\/1"}],"replies":[{"embeddable":true,"href":"https:\/\/www.cafephotomarseille.org\/index.php?rest_route=%2Fwp%2Fv2%2Fcomments&post=3661"}],"version-history":[{"count":1,"href":"https:\/\/www.cafephotomarseille.org\/index.php?rest_route=\/wp\/v2\/posts\/3661\/revisions"}],"predecessor-version":[{"id":3663,"href":"https:\/\/www.cafephotomarseille.org\/index.php?rest_route=\/wp\/v2\/posts\/3661\/revisions\/3663"}],"wp:featuredmedia":[{"embeddable":true,"href":"https:\/\/www.cafephotomarseille.org\/index.php?rest_route=\/wp\/v2\/media\/3662"}],"wp:attachment":[{"href":"https:\/\/www.cafephotomarseille.org\/index.php?rest_route=%2Fwp%2Fv2%2Fmedia&parent=3661"}],"wp:term":[{"taxonomy":"category","embeddable":true,"href":"https:\/\/www.cafephotomarseille.org\/index.php?rest_route=%2Fwp%2Fv2%2Fcategories&post=3661"},{"taxonomy":"post_tag","embeddable":true,"href":"https:\/\/www.cafephotomarseille.org\/index.php?rest_route=%2Fwp%2Fv2%2Ftags&post=3661"}],"curies":[{"name":"wp","href":"https:\/\/api.w.org\/{rel}","templated":true}]}}