{"id":3644,"date":"2023-04-26T05:28:07","date_gmt":"2023-04-26T05:28:07","guid":{"rendered":"https:\/\/www.cafephotomarseille.org\/?p=3644"},"modified":"2023-04-26T05:28:07","modified_gmt":"2023-04-26T05:28:07","slug":"rdv-sortie-collective-fepn-a-arles","status":"publish","type":"post","link":"https:\/\/www.cafephotomarseille.org\/?p=3644","title":{"rendered":"RDV SORTIE collective FEPN \u00e0 Arles"},"content":{"rendered":"\n<p>RDV samedi 6 mai \u00e0 10h \u00e0 l&rsquo;Espace Van Gogh pour la sortie collective du CPM au Festival Europ\u00e9en de la Photographie de Nu \u00e0 Arles.<\/p>\n\n\n\n<p>10h \u00e9tat l&rsquo;heure d&rsquo;ouverture de la billetterie pour ensuite faire le tour des lieux (espace van Gogh, chapelle Sainte Anne, Archev\u00each\u00e9&#8230;) et aussi de quelques expositions du OFF picor\u00e9es sur le chemin.<br>Nous verrons sur place pour le repas du midi selon le nombre que nous serons.<\/p>\n\n\n\n<p><strong>INFOS PRATIQUES<\/strong><br>&#8211; Ouverture des expositions de 10h \u00e0 13h et de 14h \u00e0 19h<br>&#8211; Tarifs : Pass expo 15 \u20ac, Soir\u00e9e du Festival 10 \u20ac<br>&#8211; Expositions gratuites pour les Arl\u00e9siens &amp; \u00e9tudiants<br><a rel=\"noreferrer noopener\" href=\"https:\/\/l.facebook.com\/l.php?u=https%3A%2F%2Fwww.fepn-arles.com%2F%3Ffbclid%3DIwAR1QJK4-mtKmQdPgr5EsUpi3V8sa6kdy-cMmuf_-DTTVtrRjAo4ntAKwXkA&amp;h=AT3bl7L2MBpzuYWxalo8zoxE-9ldjG2ut8Ggxq-4v0Ac7zbxEIHcf0k4_22thS6aeoIhuhuswdNN5AlHnihaOOHO5SXQFxOYBTeIz2EDQ5W8E1UitBwo8PGwXAU6f8izp25O4SeZR8rC_xltdt-G_e8&amp;__tn__=q&amp;c[0]=AT0j0d4ZDRpLuxYu_tDvFne0Pmi4gw1zFXwZkRIXqFkmORzZtgnFOE7ISisFvIN3KuIJAyyIy1HRKU6rAttNz3ADxAfYphU7urNF0s6_Hsqw-1H5a6R6c1ak0dYt31yPO-ada0x_L4rgTGZgWZD25JiIBBkn\" target=\"_blank\">https:\/\/www.fepn-arles.com\/<\/a><\/p>\n","protected":false},"excerpt":{"rendered":"<p>RDV samedi 6 mai \u00e0 10h \u00e0 l&rsquo;Espace Van Gogh pour la sortie collective du CPM au Festival Europ\u00e9en de la Photographie de Nu \u00e0 Arles. 10h \u00e9tat l&rsquo;heure d&rsquo;ouverture de la billetterie pour ensuite faire le tour des lieux (espace van Gogh, chapelle Sainte Anne, Archev\u00each\u00e9&#8230;) et aussi de quelques expositions du OFF picor\u00e9es &hellip; <\/p>\n<p class=\"link-more\"><a href=\"https:\/\/www.cafephotomarseille.org\/?p=3644\" class=\"more-link\">Lire la suite de<span class=\"screen-reader-text\">\u00ab\u00a0RDV SORTIE collective FEPN \u00e0 Arles\u00a0\u00bb<\/span><\/a><\/p>\n","protected":false},"author":1,"featured_media":3645,"comment_status":"closed","ping_status":"closed","sticky":false,"template":"","format":"standard","meta":{"footnotes":""},"categories":[12],"tags":[],"class_list":["post-3644","post","type-post","status-publish","format-standard","has-post-thumbnail","hentry","category-rdv-mensuel"],"featured_media_urls":{"thumbnail":["https:\/\/www.cafephotomarseille.org\/wp-content\/uploads\/2023\/04\/slider_2023_0-290x290.jpg",290,290,true],"medium":["https:\/\/www.cafephotomarseille.org\/wp-content\/uploads\/2023\/04\/slider_2023_0-288x141.jpg",288,141,true],"medium_large":["https:\/\/www.cafephotomarseille.org\/wp-content\/uploads\/2023\/04\/slider_2023_0-768x376.jpg",768,376,true],"large":["https:\/\/www.cafephotomarseille.org\/wp-content\/uploads\/2023\/04\/slider_2023_0-494x242.jpg",494,242,true],"1536x1536":["https:\/\/www.cafephotomarseille.org\/wp-content\/uploads\/2023\/04\/slider_2023_0.jpg",1020,500,false],"2048x2048":["https:\/\/www.cafephotomarseille.org\/wp-content\/uploads\/2023\/04\/slider_2023_0.jpg",1020,500,false],"inspiro-featured-image":["https:\/\/www.cafephotomarseille.org\/wp-content\/uploads\/2023\/04\/slider_2023_0.jpg",1020,500,false],"inspiro-loop":["https:\/\/www.cafephotomarseille.org\/wp-content\/uploads\/2023\/04\/slider_2023_0-950x320.jpg",950,320,true],"inspiro-loop@2x":["https:\/\/www.cafephotomarseille.org\/wp-content\/uploads\/2023\/04\/slider_2023_0.jpg",1020,500,false],"portfolio_item-thumbnail":["https:\/\/www.cafephotomarseille.org\/wp-content\/uploads\/2023\/04\/slider_2023_0-600x400.jpg",600,400,true],"portfolio_item-thumbnail@2x":["https:\/\/www.cafephotomarseille.org\/wp-content\/uploads\/2023\/04\/slider_2023_0.jpg",1020,500,false],"portfolio_item-masonry":["https:\/\/www.cafephotomarseille.org\/wp-content\/uploads\/2023\/04\/slider_2023_0-600x294.jpg",600,294,true],"portfolio_item-masonry@2x":["https:\/\/www.cafephotomarseille.org\/wp-content\/uploads\/2023\/04\/slider_2023_0.jpg",1020,500,false],"portfolio_item-thumbnail_cinema":["https:\/\/www.cafephotomarseille.org\/wp-content\/uploads\/2023\/04\/slider_2023_0-800x335.jpg",800,335,true],"portfolio_item-thumbnail_portrait":["https:\/\/www.cafephotomarseille.org\/wp-content\/uploads\/2023\/04\/slider_2023_0-600x500.jpg",600,500,true],"portfolio_item-thumbnail_portrait@2x":["https:\/\/www.cafephotomarseille.org\/wp-content\/uploads\/2023\/04\/slider_2023_0.jpg",1020,500,false],"portfolio_item-thumbnail_square":["https:\/\/www.cafephotomarseille.org\/wp-content\/uploads\/2023\/04\/slider_2023_0-800x500.jpg",800,500,true]},"_links":{"self":[{"href":"https:\/\/www.cafephotomarseille.org\/index.php?rest_route=\/wp\/v2\/posts\/3644","targetHints":{"allow":["GET"]}}],"collection":[{"href":"https:\/\/www.cafephotomarseille.org\/index.php?rest_route=\/wp\/v2\/posts"}],"about":[{"href":"https:\/\/www.cafephotomarseille.org\/index.php?rest_route=\/wp\/v2\/types\/post"}],"author":[{"embeddable":true,"href":"https:\/\/www.cafephotomarseille.org\/index.php?rest_route=\/wp\/v2\/users\/1"}],"replies":[{"embeddable":true,"href":"https:\/\/www.cafephotomarseille.org\/index.php?rest_route=%2Fwp%2Fv2%2Fcomments&post=3644"}],"version-history":[{"count":1,"href":"https:\/\/www.cafephotomarseille.org\/index.php?rest_route=\/wp\/v2\/posts\/3644\/revisions"}],"predecessor-version":[{"id":3646,"href":"https:\/\/www.cafephotomarseille.org\/index.php?rest_route=\/wp\/v2\/posts\/3644\/revisions\/3646"}],"wp:featuredmedia":[{"embeddable":true,"href":"https:\/\/www.cafephotomarseille.org\/index.php?rest_route=\/wp\/v2\/media\/3645"}],"wp:attachment":[{"href":"https:\/\/www.cafephotomarseille.org\/index.php?rest_route=%2Fwp%2Fv2%2Fmedia&parent=3644"}],"wp:term":[{"taxonomy":"category","embeddable":true,"href":"https:\/\/www.cafephotomarseille.org\/index.php?rest_route=%2Fwp%2Fv2%2Fcategories&post=3644"},{"taxonomy":"post_tag","embeddable":true,"href":"https:\/\/www.cafephotomarseille.org\/index.php?rest_route=%2Fwp%2Fv2%2Ftags&post=3644"}],"curies":[{"name":"wp","href":"https:\/\/api.w.org\/{rel}","templated":true}]}}