{"id":3574,"date":"2023-04-12T05:17:05","date_gmt":"2023-04-12T05:17:05","guid":{"rendered":"https:\/\/www.cafephotomarseille.org\/?p=3574"},"modified":"2023-04-15T10:44:18","modified_gmt":"2023-04-15T10:44:18","slug":"les-rdv-davril-du-cpm","status":"publish","type":"post","link":"https:\/\/www.cafephotomarseille.org\/?p=3574","title":{"rendered":"Les RDV d&rsquo;avril du CPM"},"content":{"rendered":"\n<p><strong><em>Le mois d&rsquo;avril sera actif au CPM ! 3 RDV, il y en aura pour tous les go\u00fbts \ud83d\ude42<\/em><\/strong><\/p>\n\n\n\n<div class=\"wp-block-cover\"><span aria-hidden=\"true\" class=\"wp-block-cover__background has-background-dim-0 has-background-dim\"><\/span><img fetchpriority=\"high\" decoding=\"async\" width=\"494\" height=\"329\" class=\"wp-block-cover__image-background wp-image-3619\" alt=\"\" src=\"https:\/\/www.cafephotomarseille.org\/wp-content\/uploads\/2023\/04\/Estaque-494x329.jpg\" data-object-fit=\"cover\" srcset=\"https:\/\/www.cafephotomarseille.org\/wp-content\/uploads\/2023\/04\/Estaque-494x329.jpg 494w, https:\/\/www.cafephotomarseille.org\/wp-content\/uploads\/2023\/04\/Estaque-288x192.jpg 288w, https:\/\/www.cafephotomarseille.org\/wp-content\/uploads\/2023\/04\/Estaque-768x512.jpg 768w, https:\/\/www.cafephotomarseille.org\/wp-content\/uploads\/2023\/04\/Estaque-1536x1024.jpg 1536w, https:\/\/www.cafephotomarseille.org\/wp-content\/uploads\/2023\/04\/Estaque-600x400.jpg 600w, https:\/\/www.cafephotomarseille.org\/wp-content\/uploads\/2023\/04\/Estaque.jpg 2000w\" sizes=\"(max-width: 494px) 100vw, 494px\" \/><div class=\"wp-block-cover__inner-container is-layout-flow wp-block-cover-is-layout-flow\">\n<p class=\"has-text-align-center has-large-font-size\"><\/p>\n<\/div><\/div>\n\n\n\n<p><\/p>\n\n\n\n<p><strong><mark style=\"background-color:rgba(0, 0, 0, 0)\" class=\"has-inline-color has-vivid-red-color\">Jeudi 27 avril \u00e0 partir de 18h30 : premier RDV VISIO PHOTO<\/mark><\/strong> anim\u00e9 par Philippe HOUSSIN sur le th\u00e8me <strong>\u00ab\u00a0paysages nocturnes\u00a0\u00bb <\/strong>ou comment appr\u00e9hender la photo de nuit et les n\u00e9cessit\u00e9s techniques pour s&rsquo;y mettre \u00e0 l&rsquo;approche des soir\u00e9es d&rsquo;\u00e9t\u00e9. <\/p>\n\n\n\n<p><em>\u00ab\u00a0La nuit transforme le r\u00e9el et offre des&nbsp;possibilit\u00e9s que n&rsquo;autorise pas la lumi\u00e8re du jour.&nbsp;Un espace s&rsquo;ouvre alors \u00e0 nous et invite \u00e0 la r\u00eaverie. Notre voyage nocturne photographique commence \u00e0 l&rsquo;arriv\u00e9e de l&rsquo;heure bleue et se poursuit beaucoup plus tard, dans la nuit, avec l&rsquo;apparition de la voie lact\u00e9e. J&rsquo;\u00e9changerai avec vous sur les conditions des prises de vue nocturnes et essaierai de r\u00e9pondre \u00e0 vos questions.\u00a0\u00bb<\/em>  Philippe HOUSSIN<br><br><strong>&gt; GRATUIT mais r\u00e9serv\u00e9 aux adh\u00e9rents <\/strong>sur simple mail d&rsquo;<strong>inscription aupr\u00e8s du secr\u00e9tariat du CPM<\/strong>. Le lien de connexion ZOOM vous sera envoy\u00e9 par le secr\u00e9tariat.<\/p>\n\n\n\n<hr class=\"wp-block-separator has-alpha-channel-opacity\"\/>\n\n\n\n<div class=\"wp-block-cover\"><span aria-hidden=\"true\" class=\"wp-block-cover__background has-background-dim-0 has-background-dim\"><\/span><img decoding=\"async\" width=\"494\" height=\"371\" class=\"wp-block-cover__image-background wp-image-3532\" alt=\"\" src=\"https:\/\/www.cafephotomarseille.org\/wp-content\/uploads\/2023\/03\/337167964_1187262211975597_1564481425408136666_n-494x371.jpg\" data-object-fit=\"cover\" srcset=\"https:\/\/www.cafephotomarseille.org\/wp-content\/uploads\/2023\/03\/337167964_1187262211975597_1564481425408136666_n-494x371.jpg 494w, https:\/\/www.cafephotomarseille.org\/wp-content\/uploads\/2023\/03\/337167964_1187262211975597_1564481425408136666_n-288x216.jpg 288w, https:\/\/www.cafephotomarseille.org\/wp-content\/uploads\/2023\/03\/337167964_1187262211975597_1564481425408136666_n-768x576.jpg 768w, https:\/\/www.cafephotomarseille.org\/wp-content\/uploads\/2023\/03\/337167964_1187262211975597_1564481425408136666_n-600x450.jpg 600w, https:\/\/www.cafephotomarseille.org\/wp-content\/uploads\/2023\/03\/337167964_1187262211975597_1564481425408136666_n.jpg 960w\" sizes=\"(max-width: 494px) 100vw, 494px\" \/><div class=\"wp-block-cover__inner-container is-layout-flow wp-block-cover-is-layout-flow\">\n<p class=\"has-text-align-center has-large-font-size\"><\/p>\n<\/div><\/div>\n\n\n\n<p><strong><mark style=\"background-color:#f7fc00\" class=\"has-inline-color has-black-color\">ATTENTION !!! en raison d&rsquo;une programmation exceptionnelle \u00e0 la Fabulerie qui n\u00e9cessite l&rsquo;utilisation compl\u00e8te du lieu, le RDV du mois est avanc\u00e9 au samedi 22 avril !!!! Par contre nous aurons la chance de profiter de la salle sous verri\u00e8re \ud83d\ude42<\/mark><\/strong><\/p>\n\n\n\n<p><strong><mark style=\"background-color:rgba(0, 0, 0, 0)\" class=\"has-inline-color has-vivid-red-color\">Samedi 22 avril \u00e0 9h30 \u00e0 la Fabulerie : RDV CAFE PHOTO<\/mark><\/strong> du mois pour faire le point sur les projets, l&rsquo;agenda, d&rsquo;Instagram et les livres ! Nous en avions beaucoup \u00e0 pr\u00e9senter au dernier RDV, n&rsquo;h\u00e9sitez pas \u00e0 en mener de nouveaux. Et bien s\u00fbr la r\u00e9cr\u00e9ation pour montrer tirages, essais, en papier ou sur tablette (wifi sur place). <br>> <strong>Sans inscription, entr\u00e9e libre &#8211; ouvert aux adh\u00e9rents et aux visiteurs venus nous rencontrer \ud83d\ude42<\/strong><\/p>\n\n\n\n<hr class=\"wp-block-separator has-alpha-channel-opacity\"\/>\n\n\n\n<div class=\"wp-block-cover is-light\"><span aria-hidden=\"true\" class=\"wp-block-cover__background has-background-dim-0 has-background-dim\"><\/span><img decoding=\"async\" width=\"494\" height=\"258\" class=\"wp-block-cover__image-background wp-image-3577\" alt=\"\" src=\"https:\/\/www.cafephotomarseille.org\/wp-content\/uploads\/2023\/04\/20230408_090023-494x258.jpg\" data-object-fit=\"cover\" srcset=\"https:\/\/www.cafephotomarseille.org\/wp-content\/uploads\/2023\/04\/20230408_090023-494x258.jpg 494w, https:\/\/www.cafephotomarseille.org\/wp-content\/uploads\/2023\/04\/20230408_090023-288x151.jpg 288w, https:\/\/www.cafephotomarseille.org\/wp-content\/uploads\/2023\/04\/20230408_090023-768x402.jpg 768w, https:\/\/www.cafephotomarseille.org\/wp-content\/uploads\/2023\/04\/20230408_090023-1536x804.jpg 1536w, https:\/\/www.cafephotomarseille.org\/wp-content\/uploads\/2023\/04\/20230408_090023-2048x1072.jpg 2048w, https:\/\/www.cafephotomarseille.org\/wp-content\/uploads\/2023\/04\/20230408_090023-2000x1047.jpg 2000w, https:\/\/www.cafephotomarseille.org\/wp-content\/uploads\/2023\/04\/20230408_090023-600x314.jpg 600w\" sizes=\"(max-width: 494px) 100vw, 494px\" \/><div class=\"wp-block-cover__inner-container is-layout-flow wp-block-cover-is-layout-flow\">\n<p class=\"has-text-align-center has-large-font-size\"><\/p>\n<\/div><\/div>\n\n\n\n<p><\/p>\n\n\n\n<p><strong><mark style=\"background-color:rgba(0, 0, 0, 0)\" class=\"has-inline-color has-vivid-red-color\">Dimanche 30 avril \u00e0 partir de 10h &#8211; SORTIE PHOTO STEREOSCOPIE<\/mark><\/strong> &#8211; Venez vous initier \u00e0 la prise de vue 3D avec votre smartphone ou votre appareil photo num\u00e9rique avec Philippe GARCIN-MARCON. <br><strong>&gt;<\/strong> Lieu de RDV sur Marseille fourni lors de l&rsquo;<strong>inscription par mail aupr\u00e8s du secr\u00e9tariat<\/strong>. <br><strong>&gt;<\/strong> <strong>Sortie gratuite r\u00e9serv\u00e9e aux adh\u00e9rents du CPM<\/strong><\/p>\n","protected":false},"excerpt":{"rendered":"<p>Le mois d&rsquo;avril sera actif au CPM ! 3 RDV, il y en aura pour tous les go\u00fbts \ud83d\ude42 Jeudi 27 avril \u00e0 partir de 18h30 : premier RDV VISIO PHOTO anim\u00e9 par Philippe HOUSSIN sur le th\u00e8me \u00ab\u00a0paysages nocturnes\u00a0\u00bb ou comment appr\u00e9hender la photo de nuit et les n\u00e9cessit\u00e9s techniques pour s&rsquo;y mettre \u00e0 &hellip; <\/p>\n<p class=\"link-more\"><a href=\"https:\/\/www.cafephotomarseille.org\/?p=3574\" class=\"more-link\">Lire la suite de<span class=\"screen-reader-text\">\u00ab\u00a0Les RDV d&rsquo;avril du CPM\u00a0\u00bb<\/span><\/a><\/p>\n","protected":false},"author":1,"featured_media":3618,"comment_status":"closed","ping_status":"closed","sticky":false,"template":"","format":"standard","meta":{"footnotes":""},"categories":[6],"tags":[],"class_list":["post-3574","post","type-post","status-publish","format-standard","has-post-thumbnail","hentry","category-agenda"],"featured_media_urls":{"thumbnail":["https:\/\/www.cafephotomarseille.org\/wp-content\/uploads\/2023\/04\/b98ed51e-976f-46e6-9f10-7b78c0d1916e-290x290.jpg",290,290,true],"medium":["https:\/\/www.cafephotomarseille.org\/wp-content\/uploads\/2023\/04\/b98ed51e-976f-46e6-9f10-7b78c0d1916e-192x288.jpg",192,288,true],"medium_large":["https:\/\/www.cafephotomarseille.org\/wp-content\/uploads\/2023\/04\/b98ed51e-976f-46e6-9f10-7b78c0d1916e-768x1152.jpg",768,1152,true],"large":["https:\/\/www.cafephotomarseille.org\/wp-content\/uploads\/2023\/04\/b98ed51e-976f-46e6-9f10-7b78c0d1916e-329x494.jpg",329,494,true],"1536x1536":["https:\/\/www.cafephotomarseille.org\/wp-content\/uploads\/2023\/04\/b98ed51e-976f-46e6-9f10-7b78c0d1916e-1024x1536.jpg",1024,1536,true],"2048x2048":["https:\/\/www.cafephotomarseille.org\/wp-content\/uploads\/2023\/04\/b98ed51e-976f-46e6-9f10-7b78c0d1916e.jpg",1365,2048,false],"inspiro-featured-image":["https:\/\/www.cafephotomarseille.org\/wp-content\/uploads\/2023\/04\/b98ed51e-976f-46e6-9f10-7b78c0d1916e.jpg",1365,2048,false],"inspiro-loop":["https:\/\/www.cafephotomarseille.org\/wp-content\/uploads\/2023\/04\/b98ed51e-976f-46e6-9f10-7b78c0d1916e-950x320.jpg",950,320,true],"inspiro-loop@2x":["https:\/\/www.cafephotomarseille.org\/wp-content\/uploads\/2023\/04\/b98ed51e-976f-46e6-9f10-7b78c0d1916e-1365x640.jpg",1365,640,true],"portfolio_item-thumbnail":["https:\/\/www.cafephotomarseille.org\/wp-content\/uploads\/2023\/04\/b98ed51e-976f-46e6-9f10-7b78c0d1916e-600x400.jpg",600,400,true],"portfolio_item-thumbnail@2x":["https:\/\/www.cafephotomarseille.org\/wp-content\/uploads\/2023\/04\/b98ed51e-976f-46e6-9f10-7b78c0d1916e-1200x800.jpg",1200,800,true],"portfolio_item-masonry":["https:\/\/www.cafephotomarseille.org\/wp-content\/uploads\/2023\/04\/b98ed51e-976f-46e6-9f10-7b78c0d1916e-600x900.jpg",600,900,true],"portfolio_item-masonry@2x":["https:\/\/www.cafephotomarseille.org\/wp-content\/uploads\/2023\/04\/b98ed51e-976f-46e6-9f10-7b78c0d1916e-1200x1800.jpg",1200,1800,true],"portfolio_item-thumbnail_cinema":["https:\/\/www.cafephotomarseille.org\/wp-content\/uploads\/2023\/04\/b98ed51e-976f-46e6-9f10-7b78c0d1916e-800x335.jpg",800,335,true],"portfolio_item-thumbnail_portrait":["https:\/\/www.cafephotomarseille.org\/wp-content\/uploads\/2023\/04\/b98ed51e-976f-46e6-9f10-7b78c0d1916e-600x900.jpg",600,900,true],"portfolio_item-thumbnail_portrait@2x":["https:\/\/www.cafephotomarseille.org\/wp-content\/uploads\/2023\/04\/b98ed51e-976f-46e6-9f10-7b78c0d1916e-1200x1800.jpg",1200,1800,true],"portfolio_item-thumbnail_square":["https:\/\/www.cafephotomarseille.org\/wp-content\/uploads\/2023\/04\/b98ed51e-976f-46e6-9f10-7b78c0d1916e-800x800.jpg",800,800,true]},"_links":{"self":[{"href":"https:\/\/www.cafephotomarseille.org\/index.php?rest_route=\/wp\/v2\/posts\/3574","targetHints":{"allow":["GET"]}}],"collection":[{"href":"https:\/\/www.cafephotomarseille.org\/index.php?rest_route=\/wp\/v2\/posts"}],"about":[{"href":"https:\/\/www.cafephotomarseille.org\/index.php?rest_route=\/wp\/v2\/types\/post"}],"author":[{"embeddable":true,"href":"https:\/\/www.cafephotomarseille.org\/index.php?rest_route=\/wp\/v2\/users\/1"}],"replies":[{"embeddable":true,"href":"https:\/\/www.cafephotomarseille.org\/index.php?rest_route=%2Fwp%2Fv2%2Fcomments&post=3574"}],"version-history":[{"count":10,"href":"https:\/\/www.cafephotomarseille.org\/index.php?rest_route=\/wp\/v2\/posts\/3574\/revisions"}],"predecessor-version":[{"id":3627,"href":"https:\/\/www.cafephotomarseille.org\/index.php?rest_route=\/wp\/v2\/posts\/3574\/revisions\/3627"}],"wp:featuredmedia":[{"embeddable":true,"href":"https:\/\/www.cafephotomarseille.org\/index.php?rest_route=\/wp\/v2\/media\/3618"}],"wp:attachment":[{"href":"https:\/\/www.cafephotomarseille.org\/index.php?rest_route=%2Fwp%2Fv2%2Fmedia&parent=3574"}],"wp:term":[{"taxonomy":"category","embeddable":true,"href":"https:\/\/www.cafephotomarseille.org\/index.php?rest_route=%2Fwp%2Fv2%2Fcategories&post=3574"},{"taxonomy":"post_tag","embeddable":true,"href":"https:\/\/www.cafephotomarseille.org\/index.php?rest_route=%2Fwp%2Fv2%2Ftags&post=3574"}],"curies":[{"name":"wp","href":"https:\/\/api.w.org\/{rel}","templated":true}]}}