{"id":3545,"date":"2023-04-08T06:16:20","date_gmt":"2023-04-08T06:16:20","guid":{"rendered":"https:\/\/www.cafephotomarseille.org\/?p=3545"},"modified":"2023-04-08T07:27:50","modified_gmt":"2023-04-08T07:27:50","slug":"aap-2023-oxymores-mystere","status":"publish","type":"post","link":"https:\/\/www.cafephotomarseille.org\/?p=3545","title":{"rendered":"AAP 2023 : Oxymores &#038; Myst\u00e8re !"},"content":{"rendered":"\t\t<div data-elementor-type=\"wp-post\" data-elementor-id=\"3545\" class=\"elementor elementor-3545\">\n\t\t\t\t\t\t<section class=\"elementor-section elementor-top-section elementor-element elementor-element-2e20c75 elementor-section-boxed elementor-section-height-default elementor-section-height-default\" data-id=\"2e20c75\" data-element_type=\"section\">\n\t\t\t\t\t\t<div class=\"elementor-container elementor-column-gap-default\">\n\t\t\t\t\t<div class=\"elementor-column elementor-col-100 elementor-top-column elementor-element elementor-element-2df12bad\" data-id=\"2df12bad\" data-element_type=\"column\">\n\t\t\t<div class=\"elementor-widget-wrap elementor-element-populated\">\n\t\t\t\t\t\t<div class=\"elementor-element elementor-element-2cfe32da elementor-widget elementor-widget-text-editor\" data-id=\"2cfe32da\" data-element_type=\"widget\" data-widget_type=\"text-editor.default\">\n\t\t\t\t<div class=\"elementor-widget-container\">\n\t\t\t\t\t\t\t\t\t<p><\/p>\n<p><strong>L\u2019association Caf\u00e9 Photo Marseille (CPM)<\/strong> organise <strong>du 9 au 29 octobre 2023<\/strong>, son exposition collective annuelle au sein de l\u2019espace\u00a0culturel\u00a0\u00ab\u00a0Marseille 3013\u00a0\u00bb. Exclusivement r\u00e9serv\u00e9 aux membres actifs adh\u00e9rents de l\u2019association, il se pr\u00e9sente sous la forme\u00a0d\u2019une exposition de tirages (Oxymore) ainsi que d\u2019une\u00a0projection de s\u00e9ries (Myst\u00e8re).<\/p>\n<p><\/p>\n<p>Chaque participant est libre de participer aux deux\u00a0appels \u00e0 projets (exposition et projection)\u00a0ou uniquement \u00e0 l\u2019un des deux. Le montant de la participation restera toutefois le m\u00eame.<\/p>\n<p><\/p>\n<p><a href=\"https:\/\/www.cafephotomarseille.org\/wp-content\/uploads\/2023\/04\/Appel-a-projets-expo-CPM-2023-VF.pdf\" target=\"_blank\" rel=\"noopener\"><strong><mark class=\"has-inline-color has-black-color\" style=\"background-color: #fcb900;\">T\u00e9l\u00e9chargez le r\u00e8glement des Appels \u00e0 Projets 2023 du CPM<\/mark><\/strong><\/a><\/p>\n<p><\/p>\n<p><strong>En r\u00e9sum\u00e9 &#8211; morceaux choisis du r\u00e8glement :<\/strong><\/p>\n<p><\/p>\n<p><strong>3.1\u00a0<\/strong>&#8211; <strong>\u00ab Oxymore \u00bb, l\u2019exposition !<\/strong> Chaque photographe<strong>\u00a0<\/strong>proposera\u00a0<strong>une photo\u00a0<\/strong>(image unique au format paysage)<strong>\u00a0ou un diptyque<\/strong>\u00a0(deux images au format portrait) illustrant le th\u00e8me.\u00a0 <strong>Un titre \u00e9non\u00e7ant l\u2019oxymore\u00a0<\/strong>(une phrase au maximum), devra obligatoirement accompagner\u00a0chaque participation. Les autres aspects techniques sont d\u00e9velopp\u00e9s en\u00a0<strong><u>annexe 1<\/u><\/strong>.<\/p>\n<p><\/p>\n<p><strong>3.2\u00a0<\/strong>&#8211;<strong>\u00a0<\/strong>\u00ab\u00a0<strong>Myst\u00e8re<\/strong>\u00a0<strong>\u00bb, la projection !<\/strong> Chaque participant(e) produira une s\u00e9rie de\u00a04 \u00e0 8 photos maximum\u00a0sur le th\u00e8me d\u00e9fini. Les modalit\u00e9s pratiques font l\u2019objet de l\u2019<strong><u>annexe 2<\/u><\/strong>.<\/p>\n<p><\/p>\n<p><strong>4.1<\/strong>\u00a0\u2013 Dans les deux cas seuls les dossiers de candidature envoy\u00e9s par mail\u00a0<strong><u>avant le samedi 26 ao\u00fbt 2023\u00a0minuit<\/u><\/strong>\u00a0seront pris en compte. Les photographies adress\u00e9es apr\u00e8s cette date ne seront pas retenues.<\/p>\n<p><\/p>\n<p>La participation au pr\u00e9sent appel \u00e0 projets est payante et ouverte exclusivement aux adh\u00e9rents de l&rsquo;association CPM. <strong><u>50\u20ac<\/u>\u00a0<\/strong>pour les frais de<strong>\u00a0location du lieu, l\u2019assurance, l\u2019impression des tirages<\/strong>, l\u2019organisation\u00a0int\u00e9grale\u00a0du\u00a0<strong>vernissage<\/strong>\u00a0et la<strong>\u00a0fourniture d\u2019un catalogue d\u2019exposition<\/strong>\u00a0\u00e0 chaque participant.<\/p>\n<p>Pour adh\u00e9rer, rendez-vous dans la rubrique :\u00a0<a style=\"font-family: var( --e-global-typography-text-font-family ), Sans-serif;\" href=\"https:\/\/www.cafephotomarseille.org\/?page_id=2062\">https:\/\/www.cafephotomarseille.org\/?page_id=2062<\/a><\/p>\n<p><\/p>\t\t\t\t\t\t\t\t<\/div>\n\t\t\t\t<\/div>\n\t\t\t\t\t<\/div>\n\t\t<\/div>\n\t\t\t\t\t<\/div>\n\t\t<\/section>\n\t\t\t\t<\/div>\n\t\t","protected":false},"excerpt":{"rendered":"<p>L\u2019association Caf\u00e9 Photo Marseille (CPM) organise du 9 au 29 octobre 2023, son exposition collective annuelle au sein de l\u2019espace\u00a0culturel\u00a0\u00ab\u00a0Marseille 3013\u00a0\u00bb. Exclusivement r\u00e9serv\u00e9 aux membres actifs adh\u00e9rents de l\u2019association, il se pr\u00e9sente sous la forme\u00a0d\u2019une exposition de tirages (Oxymore) ainsi que d\u2019une\u00a0projection de s\u00e9ries (Myst\u00e8re). Chaque participant est libre de participer aux deux\u00a0appels \u00e0 projets &hellip; <\/p>\n<p class=\"link-more\"><a href=\"https:\/\/www.cafephotomarseille.org\/?p=3545\" class=\"more-link\">Lire la suite de<span class=\"screen-reader-text\">\u00ab\u00a0AAP 2023 : Oxymores &#038; Myst\u00e8re !\u00a0\u00bb<\/span><\/a><\/p>\n","protected":false},"author":1,"featured_media":3272,"comment_status":"closed","ping_status":"closed","sticky":false,"template":"","format":"standard","meta":{"footnotes":""},"categories":[6,65],"tags":[],"class_list":["post-3545","post","type-post","status-publish","format-standard","has-post-thumbnail","hentry","category-agenda","category-projets"],"featured_media_urls":{"thumbnail":["https:\/\/www.cafephotomarseille.org\/wp-content\/uploads\/2012\/03\/cropped-jmv-290x290.jpg",290,290,true],"medium":["https:\/\/www.cafephotomarseille.org\/wp-content\/uploads\/2012\/03\/cropped-jmv-288x173.jpg",288,173,true],"medium_large":["https:\/\/www.cafephotomarseille.org\/wp-content\/uploads\/2012\/03\/cropped-jmv-768x461.jpg",768,461,true],"large":["https:\/\/www.cafephotomarseille.org\/wp-content\/uploads\/2012\/03\/cropped-jmv-494x296.jpg",494,296,true],"1536x1536":["https:\/\/www.cafephotomarseille.org\/wp-content\/uploads\/2012\/03\/cropped-jmv-1536x922.jpg",1536,922,true],"2048x2048":["https:\/\/www.cafephotomarseille.org\/wp-content\/uploads\/2012\/03\/cropped-jmv.jpg",2000,1200,false],"inspiro-featured-image":["https:\/\/www.cafephotomarseille.org\/wp-content\/uploads\/2012\/03\/cropped-jmv.jpg",2000,1200,false],"inspiro-loop":["https:\/\/www.cafephotomarseille.org\/wp-content\/uploads\/2012\/03\/cropped-jmv-950x320.jpg",950,320,true],"inspiro-loop@2x":["https:\/\/www.cafephotomarseille.org\/wp-content\/uploads\/2012\/03\/cropped-jmv-1900x640.jpg",1900,640,true],"portfolio_item-thumbnail":["https:\/\/www.cafephotomarseille.org\/wp-content\/uploads\/2012\/03\/cropped-jmv-600x400.jpg",600,400,true],"portfolio_item-thumbnail@2x":["https:\/\/www.cafephotomarseille.org\/wp-content\/uploads\/2012\/03\/cropped-jmv-1200x800.jpg",1200,800,true],"portfolio_item-masonry":["https:\/\/www.cafephotomarseille.org\/wp-content\/uploads\/2012\/03\/cropped-jmv-600x360.jpg",600,360,true],"portfolio_item-masonry@2x":["https:\/\/www.cafephotomarseille.org\/wp-content\/uploads\/2012\/03\/cropped-jmv-1200x720.jpg",1200,720,true],"portfolio_item-thumbnail_cinema":["https:\/\/www.cafephotomarseille.org\/wp-content\/uploads\/2012\/03\/cropped-jmv-800x335.jpg",800,335,true],"portfolio_item-thumbnail_portrait":["https:\/\/www.cafephotomarseille.org\/wp-content\/uploads\/2012\/03\/cropped-jmv-600x900.jpg",600,900,true],"portfolio_item-thumbnail_portrait@2x":["https:\/\/www.cafephotomarseille.org\/wp-content\/uploads\/2012\/03\/cropped-jmv-1200x1200.jpg",1200,1200,true],"portfolio_item-thumbnail_square":["https:\/\/www.cafephotomarseille.org\/wp-content\/uploads\/2012\/03\/cropped-jmv-800x800.jpg",800,800,true]},"_links":{"self":[{"href":"https:\/\/www.cafephotomarseille.org\/index.php?rest_route=\/wp\/v2\/posts\/3545","targetHints":{"allow":["GET"]}}],"collection":[{"href":"https:\/\/www.cafephotomarseille.org\/index.php?rest_route=\/wp\/v2\/posts"}],"about":[{"href":"https:\/\/www.cafephotomarseille.org\/index.php?rest_route=\/wp\/v2\/types\/post"}],"author":[{"embeddable":true,"href":"https:\/\/www.cafephotomarseille.org\/index.php?rest_route=\/wp\/v2\/users\/1"}],"replies":[{"embeddable":true,"href":"https:\/\/www.cafephotomarseille.org\/index.php?rest_route=%2Fwp%2Fv2%2Fcomments&post=3545"}],"version-history":[{"count":20,"href":"https:\/\/www.cafephotomarseille.org\/index.php?rest_route=\/wp\/v2\/posts\/3545\/revisions"}],"predecessor-version":[{"id":3616,"href":"https:\/\/www.cafephotomarseille.org\/index.php?rest_route=\/wp\/v2\/posts\/3545\/revisions\/3616"}],"wp:featuredmedia":[{"embeddable":true,"href":"https:\/\/www.cafephotomarseille.org\/index.php?rest_route=\/wp\/v2\/media\/3272"}],"wp:attachment":[{"href":"https:\/\/www.cafephotomarseille.org\/index.php?rest_route=%2Fwp%2Fv2%2Fmedia&parent=3545"}],"wp:term":[{"taxonomy":"category","embeddable":true,"href":"https:\/\/www.cafephotomarseille.org\/index.php?rest_route=%2Fwp%2Fv2%2Fcategories&post=3545"},{"taxonomy":"post_tag","embeddable":true,"href":"https:\/\/www.cafephotomarseille.org\/index.php?rest_route=%2Fwp%2Fv2%2Ftags&post=3545"}],"curies":[{"name":"wp","href":"https:\/\/api.w.org\/{rel}","templated":true}]}}