{"id":3530,"date":"2023-03-30T06:06:35","date_gmt":"2023-03-30T06:06:35","guid":{"rendered":"https:\/\/www.cafephotomarseille.org\/?p=3530"},"modified":"2023-03-30T06:07:16","modified_gmt":"2023-03-30T06:07:16","slug":"le-fabuleux-rdv-de-mars","status":"publish","type":"post","link":"https:\/\/www.cafephotomarseille.org\/?p=3530","title":{"rendered":"Le fabuleux RDV de mars !"},"content":{"rendered":"\n<p>Nous \u00e9tions 48 ce matin pour le RDV caf\u00e9 photo du mois \u00e0 la <a href=\"https:\/\/www.facebook.com\/Fabulerie?__cft__[0]=AZXmUcEzNdnECxM4Si8Nog2BP3I-tZXSX1_bY60f3iNnXPBxbr1C4z2UdcUXYH35k_PBS0b-YbX5Idv9ZaXonJ7LowGGMs0ssOcVznNn4lB20WMXKR6QuyB1h9SQrABzLh5bsjLDy-AwfYbt1cmDQ4360HYZ9VQHg0fdEl__hVxIzM3FWUgTx6c1b25RMXp5REo&amp;__tn__=-]K-R\">La Fabulerie<\/a> ! Merci \u00e0 tous pour votre pr\u00e9sence et votre fid\u00e9lit\u00e9 <img decoding=\"async\" height=\"16\" width=\"16\" alt=\"&#x1f4f8;\" src=\"https:\/\/static.xx.fbcdn.net\/images\/emoji.php\/v9\/t7d\/2\/16\/1f4f8.png\"><\/p>\n\n\n\n<p>Un rdv tr\u00e8s riche avec des infos importantes sur les projets en cours. Si ce n&rsquo;est d\u00e9j\u00e0 fait, pensez \u00e0 voter pour s\u00e9lectionner le th\u00e8me de la projection entre : sauvage, zones sensibles et myst\u00e8re.<\/p>\n\n\n\n<p>Le th\u00e8me sera annonc\u00e9 lors de l&rsquo;AG du 30.03<\/p>\n\n\n\n<p>L&rsquo;occasion \u00e9galement de se projeter sur ARLES 2023. Si certains adh\u00e9rents sont int\u00e9ress\u00e9s pour participer \u00e0 <a><\/a>l&rsquo;appel \u00e0 projet et exposer, signalez vous aupr\u00e8s du secr\u00e9tariat du CPM qui recense les candidats potentiels.<\/p>\n\n\n\n<p>\u00c9norm\u00e9ment de livres ont \u00e9t\u00e9 pr\u00e9sent\u00e9s <img decoding=\"async\" height=\"16\" width=\"16\" alt=\"&#x1f44c;\" src=\"https:\/\/static.xx.fbcdn.net\/images\/emoji.php\/v9\/t1a\/2\/16\/1f44c.png\"><img decoding=\"async\" height=\"16\" width=\"16\" alt=\"&#x1f64f;\" src=\"https:\/\/static.xx.fbcdn.net\/images\/emoji.php\/v9\/t1f\/2\/16\/1f64f.png\"> l&rsquo;occasion de recevoir comme il se doit notre ami <a href=\"https:\/\/www.facebook.com\/pascal.bonneau.9674?__cft__[0]=AZXmUcEzNdnECxM4Si8Nog2BP3I-tZXSX1_bY60f3iNnXPBxbr1C4z2UdcUXYH35k_PBS0b-YbX5Idv9ZaXonJ7LowGGMs0ssOcVznNn4lB20WMXKR6QuyB1h9SQrABzLh5bsjLDy-AwfYbt1cmDQ4360HYZ9VQHg0fdEl__hVxIzM3FWUgTx6c1b25RMXp5REo&amp;__tn__=-]K-R\">Pascal Bonneau<\/a> qui a pr\u00e9sent\u00e9 son livre \u00c9pures ou encore rencontrer <a href=\"https:\/\/www.facebook.com\/thibaud.yevnine?__cft__[0]=AZXmUcEzNdnECxM4Si8Nog2BP3I-tZXSX1_bY60f3iNnXPBxbr1C4z2UdcUXYH35k_PBS0b-YbX5Idv9ZaXonJ7LowGGMs0ssOcVznNn4lB20WMXKR6QuyB1h9SQrABzLh5bsjLDy-AwfYbt1cmDQ4360HYZ9VQHg0fdEl__hVxIzM3FWUgTx6c1b25RMXp5REo&amp;__tn__=-]K-R\">Thibaud Yevnine<\/a> et son livre Maputo. <a href=\"https:\/\/www.facebook.com\/jeanpaulnoguesprofil?__cft__[0]=AZXmUcEzNdnECxM4Si8Nog2BP3I-tZXSX1_bY60f3iNnXPBxbr1C4z2UdcUXYH35k_PBS0b-YbX5Idv9ZaXonJ7LowGGMs0ssOcVznNn4lB20WMXKR6QuyB1h9SQrABzLh5bsjLDy-AwfYbt1cmDQ4360HYZ9VQHg0fdEl__hVxIzM3FWUgTx6c1b25RMXp5REo&amp;__tn__=-]K-R\">Jean-Paul Nogu\u00e8s<\/a> nous a egalement \u00e9voqu\u00e9 son crowfooding \u00e0 venir pour l&rsquo;\u00e9dition de son livre <img loading=\"lazy\" decoding=\"async\" height=\"16\" width=\"16\" alt=\"&#x1f44f;\" src=\"https:\/\/static.xx.fbcdn.net\/images\/emoji.php\/v9\/t9d\/2\/16\/1f44f.png\"> et <a href=\"https:\/\/www.facebook.com\/claire.davadie?__cft__[0]=AZXmUcEzNdnECxM4Si8Nog2BP3I-tZXSX1_bY60f3iNnXPBxbr1C4z2UdcUXYH35k_PBS0b-YbX5Idv9ZaXonJ7LowGGMs0ssOcVznNn4lB20WMXKR6QuyB1h9SQrABzLh5bsjLDy-AwfYbt1cmDQ4360HYZ9VQHg0fdEl__hVxIzM3FWUgTx6c1b25RMXp5REo&amp;__tn__=-]K-R\">Claire Dav<\/a> nous a annonc\u00e9 la sortie imminente de son livre avec une expo \u00e0 la cl\u00e9. A suivre!<\/p>\n\n\n\n<p>En l&rsquo;absence d&rsquo;Alain, j&rsquo;ai pr\u00e9sent\u00e9 l&rsquo;instagram qui avait pour th\u00e9matique plus sp\u00e9cifique l&rsquo;IA et vous pouvez d\u00e9couvrir ces quelques references de Midjourney, entre autres, sur notre compte insta : <a href=\"https:\/\/instagram.com\/cpm_visio_panorama?fbclid=IwAR2lvLFKQIH-pERkcoXIlnDXVXggvMdNSgUbd_iwOiLzNlQ9zFHoCf6wvTI\" rel=\"noreferrer noopener\" target=\"_blank\">https:\/\/instagram.com\/cpm_visio_panorama<\/a><\/p>\n\n\n\n<p>RDV jeudi aux adh\u00e9rents pour l&rsquo;AG en visio et le samedi 29 avril pour le cafe photo du mois.<\/p>\n\n\n\n<p>A bient\u00f4t !<\/p>\n\n\n\n<p>Les infos utiles sur : <a href=\"https:\/\/www.cafephotomarseille.org\/?fbclid=IwAR1JyNvQUXD3_H5SOODyKRN-_nZaLFxOU3VctsW0BC1i4U4iER9crA8VYRE\" rel=\"noreferrer noopener\" target=\"_blank\">www.cafephotomarseille.org<\/a><\/p>\n\n\n\n<p>Sophie G. Pr\u00e9sidente du CPM <img loading=\"lazy\" decoding=\"async\" height=\"16\" width=\"16\" alt=\"&#x1f4f7;\" src=\"https:\/\/static.xx.fbcdn.net\/images\/emoji.php\/v9\/tfc\/2\/16\/1f4f7.png\"><\/p>\n\n\n\n<figure class=\"wp-block-gallery has-nested-images columns-default is-cropped wp-block-gallery-1 is-layout-flex wp-block-gallery-is-layout-flex\">\n<figure class=\"wp-block-image size-large\"><img loading=\"lazy\" decoding=\"async\" width=\"494\" height=\"371\" data-id=\"3532\" src=\"https:\/\/www.cafephotomarseille.org\/wp-content\/uploads\/2023\/03\/337167964_1187262211975597_1564481425408136666_n-494x371.jpg\" alt=\"\" class=\"wp-image-3532\" srcset=\"https:\/\/www.cafephotomarseille.org\/wp-content\/uploads\/2023\/03\/337167964_1187262211975597_1564481425408136666_n-494x371.jpg 494w, https:\/\/www.cafephotomarseille.org\/wp-content\/uploads\/2023\/03\/337167964_1187262211975597_1564481425408136666_n-288x216.jpg 288w, https:\/\/www.cafephotomarseille.org\/wp-content\/uploads\/2023\/03\/337167964_1187262211975597_1564481425408136666_n-768x576.jpg 768w, https:\/\/www.cafephotomarseille.org\/wp-content\/uploads\/2023\/03\/337167964_1187262211975597_1564481425408136666_n-600x450.jpg 600w, https:\/\/www.cafephotomarseille.org\/wp-content\/uploads\/2023\/03\/337167964_1187262211975597_1564481425408136666_n.jpg 960w\" sizes=\"(max-width: 494px) 100vw, 494px\" \/><\/figure>\n\n\n\n<figure class=\"wp-block-image size-large\"><img loading=\"lazy\" decoding=\"async\" width=\"412\" height=\"494\" data-id=\"3538\" src=\"https:\/\/www.cafephotomarseille.org\/wp-content\/uploads\/2023\/03\/338055138_730942391849993_7413433535777875200_n-412x494.jpg\" alt=\"\" class=\"wp-image-3538\" srcset=\"https:\/\/www.cafephotomarseille.org\/wp-content\/uploads\/2023\/03\/338055138_730942391849993_7413433535777875200_n-412x494.jpg 412w, https:\/\/www.cafephotomarseille.org\/wp-content\/uploads\/2023\/03\/338055138_730942391849993_7413433535777875200_n-240x288.jpg 240w, https:\/\/www.cafephotomarseille.org\/wp-content\/uploads\/2023\/03\/338055138_730942391849993_7413433535777875200_n-768x921.jpg 768w, https:\/\/www.cafephotomarseille.org\/wp-content\/uploads\/2023\/03\/338055138_730942391849993_7413433535777875200_n-1281x1536.jpg 1281w, https:\/\/www.cafephotomarseille.org\/wp-content\/uploads\/2023\/03\/338055138_730942391849993_7413433535777875200_n-600x719.jpg 600w, https:\/\/www.cafephotomarseille.org\/wp-content\/uploads\/2023\/03\/338055138_730942391849993_7413433535777875200_n.jpg 1708w\" sizes=\"(max-width: 412px) 100vw, 412px\" \/><\/figure>\n\n\n\n<figure class=\"wp-block-image size-large\"><img loading=\"lazy\" decoding=\"async\" width=\"494\" height=\"371\" data-id=\"3537\" src=\"https:\/\/www.cafephotomarseille.org\/wp-content\/uploads\/2023\/03\/337683798_179178584972579_1009029037688046840_n-494x371.jpg\" alt=\"\" class=\"wp-image-3537\" srcset=\"https:\/\/www.cafephotomarseille.org\/wp-content\/uploads\/2023\/03\/337683798_179178584972579_1009029037688046840_n-494x371.jpg 494w, https:\/\/www.cafephotomarseille.org\/wp-content\/uploads\/2023\/03\/337683798_179178584972579_1009029037688046840_n-288x216.jpg 288w, https:\/\/www.cafephotomarseille.org\/wp-content\/uploads\/2023\/03\/337683798_179178584972579_1009029037688046840_n-768x576.jpg 768w, https:\/\/www.cafephotomarseille.org\/wp-content\/uploads\/2023\/03\/337683798_179178584972579_1009029037688046840_n-1536x1152.jpg 1536w, https:\/\/www.cafephotomarseille.org\/wp-content\/uploads\/2023\/03\/337683798_179178584972579_1009029037688046840_n-2000x1500.jpg 2000w, https:\/\/www.cafephotomarseille.org\/wp-content\/uploads\/2023\/03\/337683798_179178584972579_1009029037688046840_n-600x450.jpg 600w, https:\/\/www.cafephotomarseille.org\/wp-content\/uploads\/2023\/03\/337683798_179178584972579_1009029037688046840_n.jpg 2048w\" sizes=\"(max-width: 494px) 100vw, 494px\" \/><\/figure>\n\n\n\n<figure class=\"wp-block-image size-large\"><img loading=\"lazy\" decoding=\"async\" width=\"371\" height=\"494\" data-id=\"3536\" src=\"https:\/\/www.cafephotomarseille.org\/wp-content\/uploads\/2023\/03\/337725695_1357190121786840_274342266346986600_n-371x494.jpg\" alt=\"\" class=\"wp-image-3536\" srcset=\"https:\/\/www.cafephotomarseille.org\/wp-content\/uploads\/2023\/03\/337725695_1357190121786840_274342266346986600_n-371x494.jpg 371w, https:\/\/www.cafephotomarseille.org\/wp-content\/uploads\/2023\/03\/337725695_1357190121786840_274342266346986600_n-216x288.jpg 216w, https:\/\/www.cafephotomarseille.org\/wp-content\/uploads\/2023\/03\/337725695_1357190121786840_274342266346986600_n-768x1024.jpg 768w, https:\/\/www.cafephotomarseille.org\/wp-content\/uploads\/2023\/03\/337725695_1357190121786840_274342266346986600_n-1152x1536.jpg 1152w, https:\/\/www.cafephotomarseille.org\/wp-content\/uploads\/2023\/03\/337725695_1357190121786840_274342266346986600_n-600x800.jpg 600w, https:\/\/www.cafephotomarseille.org\/wp-content\/uploads\/2023\/03\/337725695_1357190121786840_274342266346986600_n.jpg 1536w\" sizes=\"(max-width: 371px) 100vw, 371px\" \/><\/figure>\n\n\n\n<figure class=\"wp-block-image size-large\"><img loading=\"lazy\" decoding=\"async\" width=\"494\" height=\"366\" data-id=\"3535\" src=\"https:\/\/www.cafephotomarseille.org\/wp-content\/uploads\/2023\/03\/337687052_1257882935163581_6367230184424772602_n-494x366.jpg\" alt=\"\" class=\"wp-image-3535\" srcset=\"https:\/\/www.cafephotomarseille.org\/wp-content\/uploads\/2023\/03\/337687052_1257882935163581_6367230184424772602_n-494x366.jpg 494w, https:\/\/www.cafephotomarseille.org\/wp-content\/uploads\/2023\/03\/337687052_1257882935163581_6367230184424772602_n-288x214.jpg 288w, https:\/\/www.cafephotomarseille.org\/wp-content\/uploads\/2023\/03\/337687052_1257882935163581_6367230184424772602_n-768x570.jpg 768w, https:\/\/www.cafephotomarseille.org\/wp-content\/uploads\/2023\/03\/337687052_1257882935163581_6367230184424772602_n-1536x1139.jpg 1536w, https:\/\/www.cafephotomarseille.org\/wp-content\/uploads\/2023\/03\/337687052_1257882935163581_6367230184424772602_n-2000x1483.jpg 2000w, https:\/\/www.cafephotomarseille.org\/wp-content\/uploads\/2023\/03\/337687052_1257882935163581_6367230184424772602_n-600x445.jpg 600w, https:\/\/www.cafephotomarseille.org\/wp-content\/uploads\/2023\/03\/337687052_1257882935163581_6367230184424772602_n.jpg 2048w\" sizes=\"(max-width: 494px) 100vw, 494px\" \/><\/figure>\n\n\n\n<figure class=\"wp-block-image size-large\"><img loading=\"lazy\" decoding=\"async\" width=\"494\" height=\"494\" data-id=\"3534\" src=\"https:\/\/www.cafephotomarseille.org\/wp-content\/uploads\/2023\/03\/337136317_570623494836249_3318541581071623540_n-494x494.jpg\" alt=\"\" class=\"wp-image-3534\" srcset=\"https:\/\/www.cafephotomarseille.org\/wp-content\/uploads\/2023\/03\/337136317_570623494836249_3318541581071623540_n-494x494.jpg 494w, https:\/\/www.cafephotomarseille.org\/wp-content\/uploads\/2023\/03\/337136317_570623494836249_3318541581071623540_n-288x288.jpg 288w, https:\/\/www.cafephotomarseille.org\/wp-content\/uploads\/2023\/03\/337136317_570623494836249_3318541581071623540_n-290x290.jpg 290w, https:\/\/www.cafephotomarseille.org\/wp-content\/uploads\/2023\/03\/337136317_570623494836249_3318541581071623540_n-768x768.jpg 768w, https:\/\/www.cafephotomarseille.org\/wp-content\/uploads\/2023\/03\/337136317_570623494836249_3318541581071623540_n-600x600.jpg 600w, https:\/\/www.cafephotomarseille.org\/wp-content\/uploads\/2023\/03\/337136317_570623494836249_3318541581071623540_n-800x800.jpg 800w, https:\/\/www.cafephotomarseille.org\/wp-content\/uploads\/2023\/03\/337136317_570623494836249_3318541581071623540_n.jpg 960w\" sizes=\"(max-width: 494px) 100vw, 494px\" \/><\/figure>\n\n\n\n<figure class=\"wp-block-image size-large\"><img loading=\"lazy\" decoding=\"async\" width=\"494\" height=\"494\" data-id=\"3533\" src=\"https:\/\/www.cafephotomarseille.org\/wp-content\/uploads\/2023\/03\/337130149_3482815545289220_4379092845769178587_n-494x494.jpg\" alt=\"\" class=\"wp-image-3533\" srcset=\"https:\/\/www.cafephotomarseille.org\/wp-content\/uploads\/2023\/03\/337130149_3482815545289220_4379092845769178587_n-494x494.jpg 494w, https:\/\/www.cafephotomarseille.org\/wp-content\/uploads\/2023\/03\/337130149_3482815545289220_4379092845769178587_n-288x288.jpg 288w, https:\/\/www.cafephotomarseille.org\/wp-content\/uploads\/2023\/03\/337130149_3482815545289220_4379092845769178587_n-290x290.jpg 290w, https:\/\/www.cafephotomarseille.org\/wp-content\/uploads\/2023\/03\/337130149_3482815545289220_4379092845769178587_n-768x768.jpg 768w, https:\/\/www.cafephotomarseille.org\/wp-content\/uploads\/2023\/03\/337130149_3482815545289220_4379092845769178587_n-600x600.jpg 600w, https:\/\/www.cafephotomarseille.org\/wp-content\/uploads\/2023\/03\/337130149_3482815545289220_4379092845769178587_n-800x800.jpg 800w, https:\/\/www.cafephotomarseille.org\/wp-content\/uploads\/2023\/03\/337130149_3482815545289220_4379092845769178587_n.jpg 960w\" sizes=\"(max-width: 494px) 100vw, 494px\" \/><\/figure>\n<\/figure>\n","protected":false},"excerpt":{"rendered":"<p>Nous \u00e9tions 48 ce matin pour le RDV caf\u00e9 photo du mois \u00e0 la La Fabulerie ! Merci \u00e0 tous pour votre pr\u00e9sence et votre fid\u00e9lit\u00e9 Un rdv tr\u00e8s riche avec des infos importantes sur les projets en cours. Si ce n&rsquo;est d\u00e9j\u00e0 fait, pensez \u00e0 voter pour s\u00e9lectionner le th\u00e8me de la projection entre &hellip; <\/p>\n<p class=\"link-more\"><a href=\"https:\/\/www.cafephotomarseille.org\/?p=3530\" class=\"more-link\">Lire la suite de<span class=\"screen-reader-text\">\u00ab\u00a0Le fabuleux RDV de mars !\u00a0\u00bb<\/span><\/a><\/p>\n","protected":false},"author":1,"featured_media":3531,"comment_status":"closed","ping_status":"closed","sticky":false,"template":"","format":"standard","meta":{"footnotes":""},"categories":[12],"tags":[],"class_list":["post-3530","post","type-post","status-publish","format-standard","has-post-thumbnail","hentry","category-rdv-mensuel"],"featured_media_urls":{"thumbnail":["https:\/\/www.cafephotomarseille.org\/wp-content\/uploads\/2023\/03\/337276581_3418928461691347_8612117749689744687_n-290x290.jpg",290,290,true],"medium":["https:\/\/www.cafephotomarseille.org\/wp-content\/uploads\/2023\/03\/337276581_3418928461691347_8612117749689744687_n-288x144.jpg",288,144,true],"medium_large":["https:\/\/www.cafephotomarseille.org\/wp-content\/uploads\/2023\/03\/337276581_3418928461691347_8612117749689744687_n-768x384.jpg",768,384,true],"large":["https:\/\/www.cafephotomarseille.org\/wp-content\/uploads\/2023\/03\/337276581_3418928461691347_8612117749689744687_n-494x247.jpg",494,247,true],"1536x1536":["https:\/\/www.cafephotomarseille.org\/wp-content\/uploads\/2023\/03\/337276581_3418928461691347_8612117749689744687_n.jpg",1280,640,false],"2048x2048":["https:\/\/www.cafephotomarseille.org\/wp-content\/uploads\/2023\/03\/337276581_3418928461691347_8612117749689744687_n.jpg",1280,640,false],"inspiro-featured-image":["https:\/\/www.cafephotomarseille.org\/wp-content\/uploads\/2023\/03\/337276581_3418928461691347_8612117749689744687_n.jpg",1280,640,false],"inspiro-loop":["https:\/\/www.cafephotomarseille.org\/wp-content\/uploads\/2023\/03\/337276581_3418928461691347_8612117749689744687_n-950x320.jpg",950,320,true],"inspiro-loop@2x":["https:\/\/www.cafephotomarseille.org\/wp-content\/uploads\/2023\/03\/337276581_3418928461691347_8612117749689744687_n.jpg",1280,640,false],"portfolio_item-thumbnail":["https:\/\/www.cafephotomarseille.org\/wp-content\/uploads\/2023\/03\/337276581_3418928461691347_8612117749689744687_n-600x400.jpg",600,400,true],"portfolio_item-thumbnail@2x":["https:\/\/www.cafephotomarseille.org\/wp-content\/uploads\/2023\/03\/337276581_3418928461691347_8612117749689744687_n-1200x640.jpg",1200,640,true],"portfolio_item-masonry":["https:\/\/www.cafephotomarseille.org\/wp-content\/uploads\/2023\/03\/337276581_3418928461691347_8612117749689744687_n-600x300.jpg",600,300,true],"portfolio_item-masonry@2x":["https:\/\/www.cafephotomarseille.org\/wp-content\/uploads\/2023\/03\/337276581_3418928461691347_8612117749689744687_n-1200x600.jpg",1200,600,true],"portfolio_item-thumbnail_cinema":["https:\/\/www.cafephotomarseille.org\/wp-content\/uploads\/2023\/03\/337276581_3418928461691347_8612117749689744687_n-800x335.jpg",800,335,true],"portfolio_item-thumbnail_portrait":["https:\/\/www.cafephotomarseille.org\/wp-content\/uploads\/2023\/03\/337276581_3418928461691347_8612117749689744687_n-600x640.jpg",600,640,true],"portfolio_item-thumbnail_portrait@2x":["https:\/\/www.cafephotomarseille.org\/wp-content\/uploads\/2023\/03\/337276581_3418928461691347_8612117749689744687_n-1200x640.jpg",1200,640,true],"portfolio_item-thumbnail_square":["https:\/\/www.cafephotomarseille.org\/wp-content\/uploads\/2023\/03\/337276581_3418928461691347_8612117749689744687_n-800x640.jpg",800,640,true]},"_links":{"self":[{"href":"https:\/\/www.cafephotomarseille.org\/index.php?rest_route=\/wp\/v2\/posts\/3530","targetHints":{"allow":["GET"]}}],"collection":[{"href":"https:\/\/www.cafephotomarseille.org\/index.php?rest_route=\/wp\/v2\/posts"}],"about":[{"href":"https:\/\/www.cafephotomarseille.org\/index.php?rest_route=\/wp\/v2\/types\/post"}],"author":[{"embeddable":true,"href":"https:\/\/www.cafephotomarseille.org\/index.php?rest_route=\/wp\/v2\/users\/1"}],"replies":[{"embeddable":true,"href":"https:\/\/www.cafephotomarseille.org\/index.php?rest_route=%2Fwp%2Fv2%2Fcomments&post=3530"}],"version-history":[{"count":2,"href":"https:\/\/www.cafephotomarseille.org\/index.php?rest_route=\/wp\/v2\/posts\/3530\/revisions"}],"predecessor-version":[{"id":3540,"href":"https:\/\/www.cafephotomarseille.org\/index.php?rest_route=\/wp\/v2\/posts\/3530\/revisions\/3540"}],"wp:featuredmedia":[{"embeddable":true,"href":"https:\/\/www.cafephotomarseille.org\/index.php?rest_route=\/wp\/v2\/media\/3531"}],"wp:attachment":[{"href":"https:\/\/www.cafephotomarseille.org\/index.php?rest_route=%2Fwp%2Fv2%2Fmedia&parent=3530"}],"wp:term":[{"taxonomy":"category","embeddable":true,"href":"https:\/\/www.cafephotomarseille.org\/index.php?rest_route=%2Fwp%2Fv2%2Fcategories&post=3530"},{"taxonomy":"post_tag","embeddable":true,"href":"https:\/\/www.cafephotomarseille.org\/index.php?rest_route=%2Fwp%2Fv2%2Ftags&post=3530"}],"curies":[{"name":"wp","href":"https:\/\/api.w.org\/{rel}","templated":true}]}}