{"id":3442,"date":"2023-02-15T15:38:38","date_gmt":"2023-02-15T15:38:38","guid":{"rendered":"https:\/\/www.cafephotomarseille.org\/?p=3442"},"modified":"2023-02-15T15:38:38","modified_gmt":"2023-02-15T15:38:38","slug":"rdv-de-fevrier-2023","status":"publish","type":"post","link":"https:\/\/www.cafephotomarseille.org\/?p=3442","title":{"rendered":"RDV de f\u00e9vrier 2023"},"content":{"rendered":"\n<h3 class=\"wp-block-heading\">RDV pour notre rdv mensuel <strong>samedi 25 f\u00e9vrier de 9h30 \u00e0 12h30<\/strong> \u00e0 la Fabulerie, 10 boulevard Garibaldi. Entr\u00e9e c\u00f4t\u00e9 rue, vitrine (\u00e0 c\u00f4t\u00e9 de l&rsquo;entr\u00e9e principale).<\/h3>\n\n\n\n<p>Venez rencontrer l&rsquo;\u00e9quipe et les adh\u00e9rents, \u00e9changer. N&rsquo;h\u00e9sitez pas \u00e0 apporter un livre \u00e0 faire d\u00e9couvrir aux autres et vos essais photo, tirages ou sur tablette pendant la r\u00e9cr\u00e9ation. <\/p>\n","protected":false},"excerpt":{"rendered":"<p>RDV pour notre rdv mensuel samedi 25 f\u00e9vrier de 9h30 \u00e0 12h30 \u00e0 la Fabulerie, 10 boulevard Garibaldi. Entr\u00e9e c\u00f4t\u00e9 rue, vitrine (\u00e0 c\u00f4t\u00e9 de l&rsquo;entr\u00e9e principale). Venez rencontrer l&rsquo;\u00e9quipe et les adh\u00e9rents, \u00e9changer. N&rsquo;h\u00e9sitez pas \u00e0 apporter un livre \u00e0 faire d\u00e9couvrir aux autres et vos essais photo, tirages ou sur tablette pendant la &hellip; <\/p>\n<p class=\"link-more\"><a href=\"https:\/\/www.cafephotomarseille.org\/?p=3442\" class=\"more-link\">Lire la suite de<span class=\"screen-reader-text\">\u00ab\u00a0RDV de f\u00e9vrier 2023\u00a0\u00bb<\/span><\/a><\/p>\n","protected":false},"author":1,"featured_media":3405,"comment_status":"closed","ping_status":"closed","sticky":false,"template":"","format":"standard","meta":{"footnotes":""},"categories":[6],"tags":[],"class_list":["post-3442","post","type-post","status-publish","format-standard","has-post-thumbnail","hentry","category-agenda"],"featured_media_urls":{"thumbnail":["https:\/\/www.cafephotomarseille.org\/wp-content\/uploads\/2022\/11\/IMG_20221126_101828-290x290.jpg",290,290,true],"medium":["https:\/\/www.cafephotomarseille.org\/wp-content\/uploads\/2022\/11\/IMG_20221126_101828-288x216.jpg",288,216,true],"medium_large":["https:\/\/www.cafephotomarseille.org\/wp-content\/uploads\/2022\/11\/IMG_20221126_101828-768x576.jpg",768,576,true],"large":["https:\/\/www.cafephotomarseille.org\/wp-content\/uploads\/2022\/11\/IMG_20221126_101828-494x371.jpg",494,371,true],"1536x1536":["https:\/\/www.cafephotomarseille.org\/wp-content\/uploads\/2022\/11\/IMG_20221126_101828-1536x1152.jpg",1536,1152,true],"2048x2048":["https:\/\/www.cafephotomarseille.org\/wp-content\/uploads\/2022\/11\/IMG_20221126_101828-2048x1536.jpg",2048,1536,true],"inspiro-featured-image":["https:\/\/www.cafephotomarseille.org\/wp-content\/uploads\/2022\/11\/IMG_20221126_101828-2000x1500.jpg",2000,1500,true],"inspiro-loop":["https:\/\/www.cafephotomarseille.org\/wp-content\/uploads\/2022\/11\/IMG_20221126_101828-950x320.jpg",950,320,true],"inspiro-loop@2x":["https:\/\/www.cafephotomarseille.org\/wp-content\/uploads\/2022\/11\/IMG_20221126_101828-1900x640.jpg",1900,640,true],"portfolio_item-thumbnail":["https:\/\/www.cafephotomarseille.org\/wp-content\/uploads\/2022\/11\/IMG_20221126_101828-600x400.jpg",600,400,true],"portfolio_item-thumbnail@2x":["https:\/\/www.cafephotomarseille.org\/wp-content\/uploads\/2022\/11\/IMG_20221126_101828-scaled-1200x800.jpg",1200,800,true],"portfolio_item-masonry":["https:\/\/www.cafephotomarseille.org\/wp-content\/uploads\/2022\/11\/IMG_20221126_101828-600x450.jpg",600,450,true],"portfolio_item-masonry@2x":["https:\/\/www.cafephotomarseille.org\/wp-content\/uploads\/2022\/11\/IMG_20221126_101828-scaled-1200x900.jpg",1200,900,true],"portfolio_item-thumbnail_cinema":["https:\/\/www.cafephotomarseille.org\/wp-content\/uploads\/2022\/11\/IMG_20221126_101828-800x335.jpg",800,335,true],"portfolio_item-thumbnail_portrait":["https:\/\/www.cafephotomarseille.org\/wp-content\/uploads\/2022\/11\/IMG_20221126_101828-600x900.jpg",600,900,true],"portfolio_item-thumbnail_portrait@2x":["https:\/\/www.cafephotomarseille.org\/wp-content\/uploads\/2022\/11\/IMG_20221126_101828-scaled-1200x1800.jpg",1200,1800,true],"portfolio_item-thumbnail_square":["https:\/\/www.cafephotomarseille.org\/wp-content\/uploads\/2022\/11\/IMG_20221126_101828-800x800.jpg",800,800,true]},"_links":{"self":[{"href":"https:\/\/www.cafephotomarseille.org\/index.php?rest_route=\/wp\/v2\/posts\/3442","targetHints":{"allow":["GET"]}}],"collection":[{"href":"https:\/\/www.cafephotomarseille.org\/index.php?rest_route=\/wp\/v2\/posts"}],"about":[{"href":"https:\/\/www.cafephotomarseille.org\/index.php?rest_route=\/wp\/v2\/types\/post"}],"author":[{"embeddable":true,"href":"https:\/\/www.cafephotomarseille.org\/index.php?rest_route=\/wp\/v2\/users\/1"}],"replies":[{"embeddable":true,"href":"https:\/\/www.cafephotomarseille.org\/index.php?rest_route=%2Fwp%2Fv2%2Fcomments&post=3442"}],"version-history":[{"count":1,"href":"https:\/\/www.cafephotomarseille.org\/index.php?rest_route=\/wp\/v2\/posts\/3442\/revisions"}],"predecessor-version":[{"id":3443,"href":"https:\/\/www.cafephotomarseille.org\/index.php?rest_route=\/wp\/v2\/posts\/3442\/revisions\/3443"}],"wp:featuredmedia":[{"embeddable":true,"href":"https:\/\/www.cafephotomarseille.org\/index.php?rest_route=\/wp\/v2\/media\/3405"}],"wp:attachment":[{"href":"https:\/\/www.cafephotomarseille.org\/index.php?rest_route=%2Fwp%2Fv2%2Fmedia&parent=3442"}],"wp:term":[{"taxonomy":"category","embeddable":true,"href":"https:\/\/www.cafephotomarseille.org\/index.php?rest_route=%2Fwp%2Fv2%2Fcategories&post=3442"},{"taxonomy":"post_tag","embeddable":true,"href":"https:\/\/www.cafephotomarseille.org\/index.php?rest_route=%2Fwp%2Fv2%2Ftags&post=3442"}],"curies":[{"name":"wp","href":"https:\/\/api.w.org\/{rel}","templated":true}]}}