{"id":3424,"date":"2022-12-19T17:59:03","date_gmt":"2022-12-19T17:59:03","guid":{"rendered":"https:\/\/www.cafephotomarseille.org\/?p=3424"},"modified":"2023-02-26T10:28:08","modified_gmt":"2023-02-26T10:28:08","slug":"le-silence","status":"publish","type":"post","link":"https:\/\/www.cafephotomarseille.org\/?p=3424","title":{"rendered":"LE SILENCE"},"content":{"rendered":"\n<p><\/p>\n\n\n\n<figure class=\"wp-block-embed is-type-video is-provider-youtube wp-block-embed-youtube wp-embed-aspect-16-9 wp-has-aspect-ratio\"><div class=\"wp-block-embed__wrapper\">\n<iframe title=\"FILM &quot;le SILENCE&quot; - EXPO COLLECTIVE CPM 2022\" width=\"950\" height=\"534\" src=\"https:\/\/www.youtube.com\/embed\/aY8Ohf3QPso?feature=oembed\" frameborder=\"0\" allow=\"accelerometer; autoplay; clipboard-write; encrypted-media; gyroscope; picture-in-picture; web-share\" allowfullscreen><\/iframe>\n<\/div><\/figure>\n\n\n\n<p>Retrouvez le montage des <strong>41 s\u00e9ries sur le th\u00e8me du SILENCE <\/strong>expos\u00e9es par les photographes du collectif <strong>CAFE PHOTO MARSEILLE (CPM)<\/strong> \u00e0 l&rsquo;occasion de l&rsquo;exposition d\u00e9voil\u00e9e au mois d&rsquo;octobre au 3013, \u00e0 Marseille.<\/p>\n\n\n\n<p>Toutes les photographies pr\u00e9sent\u00e9es dans ce film restent la propri\u00e9t\u00e9 de leur auteur. <\/p>\n\n\n\n<p>Par ordre d&rsquo;apparition :<\/p>\n\n\n\n<p>B\u00e9atrice OBEDIA, Claire DAVADIE, Christelle BAUNEZ, Georges MARCHISIO, B\u00e9atrice BRUNO, Elisabeth CORDIER LASSALLE, Jo\u00eblle DUPRAT, Philippe HOUSSIN, Laure PRIEUR, Claudine MISTRAL, Michelle MURR\u00c9, Eric PETR, Carole HUREL, Manuela NOBLE, Jean Paul NOGUES, Sylvie LEELOO, Marie WERCK, Anne POIROTTE Jean Claude SANCHIS, Fernande VEDEL, Daniel BAB, Sophie GOTTI, Paul Emile OBJAR, Jean Marc VALLADIER, Genevi\u00e8ve COULON, Andy NITIMIHARDJO, Dominique CARRARA, Marine JORIS, Estelle DOEHR, Marino CORDESSE, Florence OLIVER, Etienne PIERART, Bruno MANUEL, Virginie MASSI, Jean Jacques SANTUCCI, Anne Claude SIMON THEVAND, V\u00e9ronique ANDR\u00c9, Volker HEIERMANN Claire TATARKOVIC, Catherine COLLIN BONNARD, Brigitte CORDONE<\/p>\n\n\n\n<p>Montage : Carole HUREL &#8211; CAFE PHOTO MARSEILLE (CPM)<\/p>\n\n\n\n<p>La cha\u00eene YouTube du CPM : https:\/\/www.youtube.com\/@associationcafephotomarseille<\/p>\n\n\n\n<p><\/p>\n","protected":false},"excerpt":{"rendered":"<p>Retrouvez le montage des 41 s\u00e9ries sur le th\u00e8me du SILENCE expos\u00e9es par les photographes du collectif CAFE PHOTO MARSEILLE (CPM) \u00e0 l&rsquo;occasion de l&rsquo;exposition d\u00e9voil\u00e9e au mois d&rsquo;octobre au 3013, \u00e0 Marseille. Toutes les photographies pr\u00e9sent\u00e9es dans ce film restent la propri\u00e9t\u00e9 de leur auteur. Par ordre d&rsquo;apparition : B\u00e9atrice OBEDIA, Claire DAVADIE, Christelle &hellip; <\/p>\n<p class=\"link-more\"><a href=\"https:\/\/www.cafephotomarseille.org\/?p=3424\" class=\"more-link\">Lire la suite de<span class=\"screen-reader-text\">\u00ab\u00a0LE SILENCE\u00a0\u00bb<\/span><\/a><\/p>\n","protected":false},"author":15,"featured_media":3433,"comment_status":"closed","ping_status":"closed","sticky":false,"template":"","format":"standard","meta":{"footnotes":""},"categories":[6],"tags":[],"class_list":["post-3424","post","type-post","status-publish","format-standard","has-post-thumbnail","hentry","category-agenda"],"featured_media_urls":{"thumbnail":["https:\/\/www.cafephotomarseille.org\/wp-content\/uploads\/2022\/12\/Capture-decran-2022-12-20-a-07.20.51-290x290.png",290,290,true],"medium":["https:\/\/www.cafephotomarseille.org\/wp-content\/uploads\/2022\/12\/Capture-decran-2022-12-20-a-07.20.51-288x136.png",288,136,true],"medium_large":["https:\/\/www.cafephotomarseille.org\/wp-content\/uploads\/2022\/12\/Capture-decran-2022-12-20-a-07.20.51-768x363.png",768,363,true],"large":["https:\/\/www.cafephotomarseille.org\/wp-content\/uploads\/2022\/12\/Capture-decran-2022-12-20-a-07.20.51-494x233.png",494,233,true],"1536x1536":["https:\/\/www.cafephotomarseille.org\/wp-content\/uploads\/2022\/12\/Capture-decran-2022-12-20-a-07.20.51-1536x725.png",1536,725,true],"2048x2048":["https:\/\/www.cafephotomarseille.org\/wp-content\/uploads\/2022\/12\/Capture-decran-2022-12-20-a-07.20.51-2048x967.png",2048,967,true],"inspiro-featured-image":["https:\/\/www.cafephotomarseille.org\/wp-content\/uploads\/2022\/12\/Capture-decran-2022-12-20-a-07.20.51-2000x944.png",2000,944,true],"inspiro-loop":["https:\/\/www.cafephotomarseille.org\/wp-content\/uploads\/2022\/12\/Capture-decran-2022-12-20-a-07.20.51-950x320.png",950,320,true],"inspiro-loop@2x":["https:\/\/www.cafephotomarseille.org\/wp-content\/uploads\/2022\/12\/Capture-decran-2022-12-20-a-07.20.51-1900x640.png",1900,640,true],"portfolio_item-thumbnail":["https:\/\/www.cafephotomarseille.org\/wp-content\/uploads\/2022\/12\/Capture-decran-2022-12-20-a-07.20.51-600x400.png",600,400,true],"portfolio_item-thumbnail@2x":["https:\/\/www.cafephotomarseille.org\/wp-content\/uploads\/2022\/12\/Capture-decran-2022-12-20-a-07.20.51-1200x800.png",1200,800,true],"portfolio_item-masonry":["https:\/\/www.cafephotomarseille.org\/wp-content\/uploads\/2022\/12\/Capture-decran-2022-12-20-a-07.20.51-600x283.png",600,283,true],"portfolio_item-masonry@2x":["https:\/\/www.cafephotomarseille.org\/wp-content\/uploads\/2022\/12\/Capture-decran-2022-12-20-a-07.20.51-1200x567.png",1200,567,true],"portfolio_item-thumbnail_cinema":["https:\/\/www.cafephotomarseille.org\/wp-content\/uploads\/2022\/12\/Capture-decran-2022-12-20-a-07.20.51-800x335.png",800,335,true],"portfolio_item-thumbnail_portrait":["https:\/\/www.cafephotomarseille.org\/wp-content\/uploads\/2022\/12\/Capture-decran-2022-12-20-a-07.20.51-600x900.png",600,900,true],"portfolio_item-thumbnail_portrait@2x":["https:\/\/www.cafephotomarseille.org\/wp-content\/uploads\/2022\/12\/Capture-decran-2022-12-20-a-07.20.51-1200x1340.png",1200,1340,true],"portfolio_item-thumbnail_square":["https:\/\/www.cafephotomarseille.org\/wp-content\/uploads\/2022\/12\/Capture-decran-2022-12-20-a-07.20.51-800x800.png",800,800,true]},"_links":{"self":[{"href":"https:\/\/www.cafephotomarseille.org\/index.php?rest_route=\/wp\/v2\/posts\/3424","targetHints":{"allow":["GET"]}}],"collection":[{"href":"https:\/\/www.cafephotomarseille.org\/index.php?rest_route=\/wp\/v2\/posts"}],"about":[{"href":"https:\/\/www.cafephotomarseille.org\/index.php?rest_route=\/wp\/v2\/types\/post"}],"author":[{"embeddable":true,"href":"https:\/\/www.cafephotomarseille.org\/index.php?rest_route=\/wp\/v2\/users\/15"}],"replies":[{"embeddable":true,"href":"https:\/\/www.cafephotomarseille.org\/index.php?rest_route=%2Fwp%2Fv2%2Fcomments&post=3424"}],"version-history":[{"count":5,"href":"https:\/\/www.cafephotomarseille.org\/index.php?rest_route=\/wp\/v2\/posts\/3424\/revisions"}],"predecessor-version":[{"id":3473,"href":"https:\/\/www.cafephotomarseille.org\/index.php?rest_route=\/wp\/v2\/posts\/3424\/revisions\/3473"}],"wp:featuredmedia":[{"embeddable":true,"href":"https:\/\/www.cafephotomarseille.org\/index.php?rest_route=\/wp\/v2\/media\/3433"}],"wp:attachment":[{"href":"https:\/\/www.cafephotomarseille.org\/index.php?rest_route=%2Fwp%2Fv2%2Fmedia&parent=3424"}],"wp:term":[{"taxonomy":"category","embeddable":true,"href":"https:\/\/www.cafephotomarseille.org\/index.php?rest_route=%2Fwp%2Fv2%2Fcategories&post=3424"},{"taxonomy":"post_tag","embeddable":true,"href":"https:\/\/www.cafephotomarseille.org\/index.php?rest_route=%2Fwp%2Fv2%2Ftags&post=3424"}],"curies":[{"name":"wp","href":"https:\/\/api.w.org\/{rel}","templated":true}]}}