{"id":3146,"date":"2022-10-19T05:35:01","date_gmt":"2022-10-19T05:35:01","guid":{"rendered":"https:\/\/www.cafephotomarseille.org\/?p=3146"},"modified":"2022-11-20T18:02:53","modified_gmt":"2022-11-20T18:02:53","slug":"m-e-r-c-i","status":"publish","type":"post","link":"https:\/\/www.cafephotomarseille.org\/?p=3146","title":{"rendered":"M E R C I !"},"content":{"rendered":"\n<figure class=\"wp-block-gallery has-nested-images columns-default is-cropped wp-block-gallery-1 is-layout-flex wp-block-gallery-is-layout-flex\">\n<figure class=\"wp-block-image size-medium\"><img fetchpriority=\"high\" decoding=\"async\" width=\"288\" height=\"288\" data-id=\"3147\" src=\"https:\/\/www.cafephotomarseille.org\/wp-content\/uploads\/2022\/10\/311437680_10226431723594377_4813081003843125303_n-288x288.jpeg\" alt=\"\" class=\"wp-image-3147\" srcset=\"https:\/\/www.cafephotomarseille.org\/wp-content\/uploads\/2022\/10\/311437680_10226431723594377_4813081003843125303_n-288x288.jpeg 288w, https:\/\/www.cafephotomarseille.org\/wp-content\/uploads\/2022\/10\/311437680_10226431723594377_4813081003843125303_n-494x494.jpeg 494w, https:\/\/www.cafephotomarseille.org\/wp-content\/uploads\/2022\/10\/311437680_10226431723594377_4813081003843125303_n-290x290.jpeg 290w, https:\/\/www.cafephotomarseille.org\/wp-content\/uploads\/2022\/10\/311437680_10226431723594377_4813081003843125303_n-768x768.jpeg 768w, https:\/\/www.cafephotomarseille.org\/wp-content\/uploads\/2022\/10\/311437680_10226431723594377_4813081003843125303_n-207x207.jpeg 207w, https:\/\/www.cafephotomarseille.org\/wp-content\/uploads\/2022\/10\/311437680_10226431723594377_4813081003843125303_n.jpeg 960w\" sizes=\"(max-width: 288px) 100vw, 288px\" \/><\/figure>\n\n\n\n<figure class=\"wp-block-image size-medium\"><img decoding=\"async\" width=\"494\" height=\"371\" data-id=\"3148\" src=\"https:\/\/www.cafephotomarseille.org\/wp-content\/uploads\/2022\/10\/309346783_10226431727754481_4555971456470230611_n-494x371.jpeg\" alt=\"\" class=\"wp-image-3148\" srcset=\"https:\/\/www.cafephotomarseille.org\/wp-content\/uploads\/2022\/10\/309346783_10226431727754481_4555971456470230611_n-494x371.jpeg 494w, https:\/\/www.cafephotomarseille.org\/wp-content\/uploads\/2022\/10\/309346783_10226431727754481_4555971456470230611_n-288x216.jpeg 288w, https:\/\/www.cafephotomarseille.org\/wp-content\/uploads\/2022\/10\/309346783_10226431727754481_4555971456470230611_n-768x576.jpeg 768w, https:\/\/www.cafephotomarseille.org\/wp-content\/uploads\/2022\/10\/309346783_10226431727754481_4555971456470230611_n-1536x1152.jpeg 1536w, https:\/\/www.cafephotomarseille.org\/wp-content\/uploads\/2022\/10\/309346783_10226431727754481_4555971456470230611_n-207x155.jpeg 207w, https:\/\/www.cafephotomarseille.org\/wp-content\/uploads\/2022\/10\/309346783_10226431727754481_4555971456470230611_n-2000x1500.jpeg 2000w, https:\/\/www.cafephotomarseille.org\/wp-content\/uploads\/2022\/10\/309346783_10226431727754481_4555971456470230611_n-600x450.jpeg 600w, https:\/\/www.cafephotomarseille.org\/wp-content\/uploads\/2022\/10\/309346783_10226431727754481_4555971456470230611_n-1200x900.jpeg 1200w, https:\/\/www.cafephotomarseille.org\/wp-content\/uploads\/2022\/10\/309346783_10226431727754481_4555971456470230611_n.jpeg 2048w\" sizes=\"(max-width: 494px) 100vw, 494px\" \/><\/figure>\n\n\n\n<figure class=\"wp-block-image size-medium\"><img decoding=\"async\" width=\"494\" height=\"329\" data-id=\"3149\" src=\"https:\/\/www.cafephotomarseille.org\/wp-content\/uploads\/2022\/10\/307108336_10226431727474474_3755691709224263386_n-494x329.jpeg\" alt=\"\" class=\"wp-image-3149\" srcset=\"https:\/\/www.cafephotomarseille.org\/wp-content\/uploads\/2022\/10\/307108336_10226431727474474_3755691709224263386_n-494x329.jpeg 494w, https:\/\/www.cafephotomarseille.org\/wp-content\/uploads\/2022\/10\/307108336_10226431727474474_3755691709224263386_n-288x192.jpeg 288w, https:\/\/www.cafephotomarseille.org\/wp-content\/uploads\/2022\/10\/307108336_10226431727474474_3755691709224263386_n-768x512.jpeg 768w, https:\/\/www.cafephotomarseille.org\/wp-content\/uploads\/2022\/10\/307108336_10226431727474474_3755691709224263386_n-1536x1024.jpeg 1536w, https:\/\/www.cafephotomarseille.org\/wp-content\/uploads\/2022\/10\/307108336_10226431727474474_3755691709224263386_n-207x138.jpeg 207w, https:\/\/www.cafephotomarseille.org\/wp-content\/uploads\/2022\/10\/307108336_10226431727474474_3755691709224263386_n.jpeg 2048w\" sizes=\"(max-width: 494px) 100vw, 494px\" \/><\/figure>\n\n\n\n<figure class=\"wp-block-image size-medium\"><img loading=\"lazy\" decoding=\"async\" width=\"494\" height=\"329\" data-id=\"3150\" src=\"https:\/\/www.cafephotomarseille.org\/wp-content\/uploads\/2022\/10\/306851950_10226431728034488_6780808468028513779_n-494x329.jpeg\" alt=\"\" class=\"wp-image-3150\" srcset=\"https:\/\/www.cafephotomarseille.org\/wp-content\/uploads\/2022\/10\/306851950_10226431728034488_6780808468028513779_n-494x329.jpeg 494w, https:\/\/www.cafephotomarseille.org\/wp-content\/uploads\/2022\/10\/306851950_10226431728034488_6780808468028513779_n-288x192.jpeg 288w, https:\/\/www.cafephotomarseille.org\/wp-content\/uploads\/2022\/10\/306851950_10226431728034488_6780808468028513779_n-768x512.jpeg 768w, https:\/\/www.cafephotomarseille.org\/wp-content\/uploads\/2022\/10\/306851950_10226431728034488_6780808468028513779_n-1536x1024.jpeg 1536w, https:\/\/www.cafephotomarseille.org\/wp-content\/uploads\/2022\/10\/306851950_10226431728034488_6780808468028513779_n-207x138.jpeg 207w, https:\/\/www.cafephotomarseille.org\/wp-content\/uploads\/2022\/10\/306851950_10226431728034488_6780808468028513779_n.jpeg 2048w\" sizes=\"(max-width: 494px) 100vw, 494px\" \/><\/figure>\n\n\n\n<figure class=\"wp-block-image size-medium\"><img loading=\"lazy\" decoding=\"async\" width=\"494\" height=\"371\" data-id=\"3151\" src=\"https:\/\/www.cafephotomarseille.org\/wp-content\/uploads\/2022\/10\/309723589_10226431728274494_885675667239079377_n-494x371.jpeg\" alt=\"\" class=\"wp-image-3151\" srcset=\"https:\/\/www.cafephotomarseille.org\/wp-content\/uploads\/2022\/10\/309723589_10226431728274494_885675667239079377_n-494x371.jpeg 494w, https:\/\/www.cafephotomarseille.org\/wp-content\/uploads\/2022\/10\/309723589_10226431728274494_885675667239079377_n-288x216.jpeg 288w, https:\/\/www.cafephotomarseille.org\/wp-content\/uploads\/2022\/10\/309723589_10226431728274494_885675667239079377_n-768x576.jpeg 768w, https:\/\/www.cafephotomarseille.org\/wp-content\/uploads\/2022\/10\/309723589_10226431728274494_885675667239079377_n-1536x1152.jpeg 1536w, https:\/\/www.cafephotomarseille.org\/wp-content\/uploads\/2022\/10\/309723589_10226431728274494_885675667239079377_n-207x155.jpeg 207w, https:\/\/www.cafephotomarseille.org\/wp-content\/uploads\/2022\/10\/309723589_10226431728274494_885675667239079377_n.jpeg 2048w\" sizes=\"(max-width: 494px) 100vw, 494px\" \/><\/figure>\n<figcaption class=\"blocks-gallery-caption wp-element-caption\">Le vernissage samedi 15\/10<\/figcaption><\/figure>\n\n\n\n<p>Nous \u00e9tions pr\u00e8s de 250 photographes, amis, proches et simples visiteurs samedi 15 octobre pour le lancement de notre exposition collective du CPM <img loading=\"lazy\" decoding=\"async\" height=\"16\" width=\"16\" src=\"https:\/\/static.xx.fbcdn.net\/images\/emoji.php\/v9\/tef\/2\/16\/1f525.png\" alt=\"&#x1f525;\"><\/p>\n\n\n\n<p>Jusqu&rsquo;\u00e0 22h nous vous avons accueilli avec le sourire et cette joie communicative de voir aboutir ce projet avec toujours cette m\u00eame volont\u00e9 de partage <img loading=\"lazy\" decoding=\"async\" height=\"16\" width=\"16\" alt=\"&#x1f64f;\" src=\"https:\/\/static.xx.fbcdn.net\/images\/emoji.php\/v9\/t1f\/2\/16\/1f64f.png\"> Le CPM en force <img loading=\"lazy\" decoding=\"async\" height=\"16\" width=\"16\" alt=\"&#x1f4aa;\" src=\"https:\/\/static.xx.fbcdn.net\/images\/emoji.php\/v9\/tb\/2\/16\/1f4aa.png\"><\/p>\n\n\n\n<p>Encore merci \u00e0 tous pour votre accueil de notre exposition collective \u00ab\u00a0Cadavre exquis\u00a0\u00bb en tirages et \u00ab\u00a0le Silence\u00a0\u00bb en projection, merci pour les 62 membres de notre collectif <a href=\"https:\/\/www.facebook.com\/CafePhotoMarseille?__cft__[0]=AZXKQLLmlZRdIBRWOdB4dr0IOG4vNlEZ_kEc_XgY6UpnzY19snbXxd8sHityT9URFv7hNuOxHu-aRU941wZVVYwGCm6xB9f1q2Jv7HWTDBRxEAGomQT2C-StIhrYGv7F8VQn-gAdLXvcaQrpnux9_HKBo9di5H2apqBUGfHvHHyYbudhAom8q_2o2KJb6hUd4Uc&amp;__tn__=-]K-R\">Caf\u00e9 Photo Marseille # PAGE Officielle<\/a> qui exposent, nos animateurs et nos r\u00e9f\u00e9rents de groupe.<\/p>\n\n\n\n<p>La pr\u00e9sidente que je suis est tr\u00e8s fi\u00e8re de ce bel engagement que vous avez tous dans cette aventure artistique commune <\/p>\n\n\n\n<p><em>Cliquez pour lire <a rel=\"noreferrer noopener\" href=\"https:\/\/www.cafephotomarseille.org\/wp-content\/uploads\/2022\/10\/DISCOURS-PRESIDENTE-CPM-VERNISSAGE-.pdf\" target=\"_blank\">LE DISCOURS DE LA PRESIDENTE <\/a>prononc\u00e9 \u00e0 l&rsquo;occasion du vernissage<\/em><\/p>\n\n\n\n<p><img loading=\"lazy\" decoding=\"async\" height=\"16\" width=\"16\" alt=\"&#x1f449;\" src=\"https:\/\/static.xx.fbcdn.net\/images\/emoji.php\/v9\/tf0\/2\/16\/1f449.png\"> Vous avez jusqu&rsquo;au 30\/10 pour d\u00e9couvrir cette exposition originale. Tous les d\u00e9tails sont ici <img loading=\"lazy\" decoding=\"async\" height=\"16\" width=\"16\" alt=\"&#x1f449;\" src=\"https:\/\/static.xx.fbcdn.net\/images\/emoji.php\/v9\/tf0\/2\/16\/1f449.png\"><a href=\"https:\/\/www.cafephotomarseille.org\/?fbclid=IwAR3POvjAT5gWVwimlHMWINn7ocrEzMUGbRcrjzcrsXCP3og9SUZWC6mNYiI\" rel=\"noreferrer noopener\" target=\"_blank\">https:\/\/www.cafephotomarseille.org<\/a><\/p>\n\n\n\n<p>Il reste des places pour les ateliers, inscriptions sur cafephotomarseille@gmail.com<\/p>\n\n\n\n<p><strong>L&rsquo;exposition est ouverte au public :<\/strong><\/p>\n\n\n\n<ul class=\"wp-block-list\">\n<li>Du mercredi au vendredi de <img loading=\"lazy\" decoding=\"async\" height=\"16\" width=\"16\" src=\"https:\/\/static.xx.fbcdn.net\/images\/emoji.php\/v9\/t49\/2\/16\/1f552.png\" alt=\"&#x1f552;\"> 15h \u00e0 19h<\/li>\n<\/ul>\n\n\n\n<ul class=\"wp-block-list\">\n<li>Le samedi de <img loading=\"lazy\" decoding=\"async\" height=\"16\" width=\"16\" src=\"https:\/\/static.xx.fbcdn.net\/images\/emoji.php\/v9\/t49\/2\/16\/1f552.png\" alt=\"&#x1f552;\"> 10h \u00e0 18h<\/li>\n<\/ul>\n\n\n\n<ul class=\"wp-block-list\">\n<li>Le dimanche de <img loading=\"lazy\" decoding=\"async\" height=\"16\" width=\"16\" src=\"https:\/\/static.xx.fbcdn.net\/images\/emoji.php\/v9\/t49\/2\/16\/1f552.png\" alt=\"&#x1f552;\"> 14h \u00e0 17h<\/li>\n<\/ul>\n\n\n\n<p><img loading=\"lazy\" decoding=\"async\" height=\"16\" width=\"16\" alt=\"&#x26d4;\" src=\"https:\/\/static.xx.fbcdn.net\/images\/emoji.php\/v9\/t3e\/2\/16\/26d4.png\"> except\u00e9 pour les ateliers ou safari photo qui ont des horaires sp\u00e9cifiques<\/p>\n\n\n\n<p>Outre l&rsquo;originalit\u00e9 du Cadavre exquis, beaucoup de retours positifs sur la projection du \u00ab\u00a0Silence\u00a0\u00bb&#8230; Mais je ne pr\u00e9f\u00e8re rien dire pour vous obliger \u00e0 venir d\u00e9couvrir les 41 s\u00e9ries des auteurs <\/p>\n\n\n\n<p><\/p>\n\n\n\n<p><\/p>\n","protected":false},"excerpt":{"rendered":"<p>Nous \u00e9tions pr\u00e8s de 250 photographes, amis, proches et simples visiteurs samedi 15 octobre pour le lancement de notre exposition collective du CPM Jusqu&rsquo;\u00e0 22h nous vous avons accueilli avec le sourire et cette joie communicative de voir aboutir ce projet avec toujours cette m\u00eame volont\u00e9 de partage Le CPM en force Encore merci \u00e0 &hellip; <\/p>\n<p class=\"link-more\"><a href=\"https:\/\/www.cafephotomarseille.org\/?p=3146\" class=\"more-link\">Lire la suite de<span class=\"screen-reader-text\">\u00ab\u00a0M E R C I !\u00a0\u00bb<\/span><\/a><\/p>\n","protected":false},"author":1,"featured_media":3148,"comment_status":"closed","ping_status":"open","sticky":false,"template":"","format":"standard","meta":{"footnotes":""},"categories":[6],"tags":[],"class_list":["post-3146","post","type-post","status-publish","format-standard","has-post-thumbnail","hentry","category-agenda"],"featured_media_urls":{"thumbnail":["https:\/\/www.cafephotomarseille.org\/wp-content\/uploads\/2022\/10\/309346783_10226431727754481_4555971456470230611_n-290x290.jpeg",290,290,true],"medium":["https:\/\/www.cafephotomarseille.org\/wp-content\/uploads\/2022\/10\/309346783_10226431727754481_4555971456470230611_n-288x216.jpeg",288,216,true],"medium_large":["https:\/\/www.cafephotomarseille.org\/wp-content\/uploads\/2022\/10\/309346783_10226431727754481_4555971456470230611_n-768x576.jpeg",768,576,true],"large":["https:\/\/www.cafephotomarseille.org\/wp-content\/uploads\/2022\/10\/309346783_10226431727754481_4555971456470230611_n-494x371.jpeg",494,371,true],"1536x1536":["https:\/\/www.cafephotomarseille.org\/wp-content\/uploads\/2022\/10\/309346783_10226431727754481_4555971456470230611_n-1536x1152.jpeg",1536,1152,true],"2048x2048":["https:\/\/www.cafephotomarseille.org\/wp-content\/uploads\/2022\/10\/309346783_10226431727754481_4555971456470230611_n.jpeg",2048,1536,false],"inspiro-featured-image":["https:\/\/www.cafephotomarseille.org\/wp-content\/uploads\/2022\/10\/309346783_10226431727754481_4555971456470230611_n-2000x1500.jpeg",2000,1500,true],"inspiro-loop":["https:\/\/www.cafephotomarseille.org\/wp-content\/uploads\/2022\/10\/309346783_10226431727754481_4555971456470230611_n-950x320.jpeg",950,320,true],"inspiro-loop@2x":["https:\/\/www.cafephotomarseille.org\/wp-content\/uploads\/2022\/10\/309346783_10226431727754481_4555971456470230611_n-1900x640.jpeg",1900,640,true],"portfolio_item-thumbnail":["https:\/\/www.cafephotomarseille.org\/wp-content\/uploads\/2022\/10\/309346783_10226431727754481_4555971456470230611_n-600x400.jpeg",600,400,true],"portfolio_item-thumbnail@2x":["https:\/\/www.cafephotomarseille.org\/wp-content\/uploads\/2022\/10\/309346783_10226431727754481_4555971456470230611_n-1200x800.jpeg",1200,800,true],"portfolio_item-masonry":["https:\/\/www.cafephotomarseille.org\/wp-content\/uploads\/2022\/10\/309346783_10226431727754481_4555971456470230611_n-600x450.jpeg",600,450,true],"portfolio_item-masonry@2x":["https:\/\/www.cafephotomarseille.org\/wp-content\/uploads\/2022\/10\/309346783_10226431727754481_4555971456470230611_n-1200x900.jpeg",1200,900,true],"portfolio_item-thumbnail_cinema":["https:\/\/www.cafephotomarseille.org\/wp-content\/uploads\/2022\/10\/309346783_10226431727754481_4555971456470230611_n-800x335.jpeg",800,335,true],"portfolio_item-thumbnail_portrait":["https:\/\/www.cafephotomarseille.org\/wp-content\/uploads\/2022\/10\/309346783_10226431727754481_4555971456470230611_n-600x900.jpeg",600,900,true],"portfolio_item-thumbnail_portrait@2x":["https:\/\/www.cafephotomarseille.org\/wp-content\/uploads\/2022\/10\/309346783_10226431727754481_4555971456470230611_n-1200x1536.jpeg",1200,1536,true],"portfolio_item-thumbnail_square":["https:\/\/www.cafephotomarseille.org\/wp-content\/uploads\/2022\/10\/309346783_10226431727754481_4555971456470230611_n-800x800.jpeg",800,800,true]},"_links":{"self":[{"href":"https:\/\/www.cafephotomarseille.org\/index.php?rest_route=\/wp\/v2\/posts\/3146","targetHints":{"allow":["GET"]}}],"collection":[{"href":"https:\/\/www.cafephotomarseille.org\/index.php?rest_route=\/wp\/v2\/posts"}],"about":[{"href":"https:\/\/www.cafephotomarseille.org\/index.php?rest_route=\/wp\/v2\/types\/post"}],"author":[{"embeddable":true,"href":"https:\/\/www.cafephotomarseille.org\/index.php?rest_route=\/wp\/v2\/users\/1"}],"replies":[{"embeddable":true,"href":"https:\/\/www.cafephotomarseille.org\/index.php?rest_route=%2Fwp%2Fv2%2Fcomments&post=3146"}],"version-history":[{"count":5,"href":"https:\/\/www.cafephotomarseille.org\/index.php?rest_route=\/wp\/v2\/posts\/3146\/revisions"}],"predecessor-version":[{"id":3394,"href":"https:\/\/www.cafephotomarseille.org\/index.php?rest_route=\/wp\/v2\/posts\/3146\/revisions\/3394"}],"wp:featuredmedia":[{"embeddable":true,"href":"https:\/\/www.cafephotomarseille.org\/index.php?rest_route=\/wp\/v2\/media\/3148"}],"wp:attachment":[{"href":"https:\/\/www.cafephotomarseille.org\/index.php?rest_route=%2Fwp%2Fv2%2Fmedia&parent=3146"}],"wp:term":[{"taxonomy":"category","embeddable":true,"href":"https:\/\/www.cafephotomarseille.org\/index.php?rest_route=%2Fwp%2Fv2%2Fcategories&post=3146"},{"taxonomy":"post_tag","embeddable":true,"href":"https:\/\/www.cafephotomarseille.org\/index.php?rest_route=%2Fwp%2Fv2%2Ftags&post=3146"}],"curies":[{"name":"wp","href":"https:\/\/api.w.org\/{rel}","templated":true}]}}