{"id":3103,"date":"2022-09-16T05:38:32","date_gmt":"2022-09-16T05:38:32","guid":{"rendered":"https:\/\/www.cafephotomarseille.org\/?p=3103"},"modified":"2022-11-20T14:54:46","modified_gmt":"2022-11-20T14:54:46","slug":"expo-2022-le-programme-des-ateliers-et-animations","status":"publish","type":"post","link":"https:\/\/www.cafephotomarseille.org\/?p=3103","title":{"rendered":"Expo 2022 : LE programme des ateliers et animations"},"content":{"rendered":"\t\t<div data-elementor-type=\"wp-post\" data-elementor-id=\"3103\" class=\"elementor elementor-3103\">\n\t\t\t\t\t\t<section class=\"elementor-section elementor-top-section elementor-element elementor-element-1d5dd4cf elementor-section-boxed elementor-section-height-default elementor-section-height-default\" data-id=\"1d5dd4cf\" data-element_type=\"section\">\n\t\t\t\t\t\t<div class=\"elementor-container elementor-column-gap-default\">\n\t\t\t\t\t<div class=\"elementor-column elementor-col-100 elementor-top-column elementor-element elementor-element-6d3ecffa\" data-id=\"6d3ecffa\" data-element_type=\"column\">\n\t\t\t<div class=\"elementor-widget-wrap elementor-element-populated\">\n\t\t\t\t\t\t<div class=\"elementor-element elementor-element-3c7ea465 elementor-widget elementor-widget-text-editor\" data-id=\"3c7ea465\" data-element_type=\"widget\" data-widget_type=\"text-editor.default\">\n\t\t\t\t<div class=\"elementor-widget-container\">\n\t\t\t\t\t\t\t\t\t<p><\/p>\n<p><b>Retrouvez le programme d\u00e9taill\u00e9 des temps forts de l&rsquo;exposition collective du CPM en parall\u00e8le de l&rsquo;exposition en tirages Cadavre Exquis et ses 40 s\u00e9ries projet\u00e9es. Ce seront cette ann\u00e9e 62 photographes qui seront expos\u00e9s en tirages et\/ou en projection. <br><\/b><p><b>Une table de livres d&rsquo;auteurs de nos adh\u00e9rents sera install\u00e9e dans le lieu.<\/b><\/p><\/p>\n<p><\/p>\n<p><\/p>\n<p><a rel=\"noreferrer noopener\" href=\"https:\/\/www.cafephotomarseille.org\/wp-content\/uploads\/2022\/09\/PROGRAMME-CPM-VF-Expo-COLLECTIVE-2022.pdf\" target=\"_blank\"><strong>Vous pouvez t\u00e9l\u00e9charger le programme d\u00e9taill\u00e9<\/strong><\/a> ci-dessous directement en .PDF<\/p>\n<p><\/p>\n<p><\/p>\n<p class=\"has-vivid-red-color has-text-color\"><strong>SAMEDI 15 OCTOBRE<\/strong><\/p>\n<p><\/p>\n<p><\/p>\n<p><strong>14h&nbsp;:<\/strong>&nbsp;<strong>OUVERTURE DE L\u2019EXPOSITION AU PUBLIC<br><\/strong><mark style=\"background-color:#fce800\" class=\"has-inline-color\">\u25b7&nbsp;<strong>18h30&nbsp;: VERNISSAGE en pr\u00e9sence des animateurs, des photographes exposants &#8211; <\/strong><\/mark><br><strong>Venez partager un moment convivial, trinquez avec les participants et d\u00e9couvrir les expositions ! <\/strong><br><strong>Entr\u00e9e libre<\/strong> <\/p>\n<p><\/p>\n<p><\/p>\n<p class=\"has-vivid-red-color has-text-color\"><strong>DIMANCHE 16 OCTOBRE<\/strong><\/p>\n<p><\/p>\n<p><\/p>\n<p><strong>14h\/18h : ouverture des expos au public<\/strong><\/p>\n<p><\/p>\n<p><\/p>\n<figure class=\"wp-block-image size-large\"><img fetchpriority=\"high\" decoding=\"async\" width=\"494\" height=\"371\" src=\"https:\/\/www.cafephotomarseille.org\/wp-content\/uploads\/2022\/09\/IMG_20220806_151419-494x371.jpg\" alt=\"\" class=\"wp-image-3105\" srcset=\"https:\/\/www.cafephotomarseille.org\/wp-content\/uploads\/2022\/09\/IMG_20220806_151419-494x371.jpg 494w, https:\/\/www.cafephotomarseille.org\/wp-content\/uploads\/2022\/09\/IMG_20220806_151419-288x216.jpg 288w, https:\/\/www.cafephotomarseille.org\/wp-content\/uploads\/2022\/09\/IMG_20220806_151419-768x576.jpg 768w, https:\/\/www.cafephotomarseille.org\/wp-content\/uploads\/2022\/09\/IMG_20220806_151419-1536x1152.jpg 1536w, https:\/\/www.cafephotomarseille.org\/wp-content\/uploads\/2022\/09\/IMG_20220806_151419-2048x1536.jpg 2048w, https:\/\/www.cafephotomarseille.org\/wp-content\/uploads\/2022\/09\/IMG_20220806_151419-207x155.jpg 207w, https:\/\/www.cafephotomarseille.org\/wp-content\/uploads\/2022\/09\/IMG_20220806_151419-scaled-2000x1500.jpg 2000w, https:\/\/www.cafephotomarseille.org\/wp-content\/uploads\/2022\/09\/IMG_20220806_151419-scaled-600x450.jpg 600w, https:\/\/www.cafephotomarseille.org\/wp-content\/uploads\/2022\/09\/IMG_20220806_151419-scaled-1200x900.jpg 1200w\" sizes=\"(max-width: 494px) 100vw, 494px\" \/><\/figure>\n<p><\/p>\n<p><\/p>\n<p class=\"has-black-color has-text-color\"><mark style=\"background-color:#fce800\" class=\"has-inline-color has-black-color\">\u25b7&nbsp;<strong>De 14h&nbsp;\u00e0 18h :<\/strong>&nbsp;<strong>atelier STEREOSCOPIE &#8211; D\u00e9couverte<\/strong><\/mark><strong>&nbsp;<\/strong>anim\u00e9 par <strong>Philippe GARCIN-MARCON<\/strong>, membre du collectif de photographie alternative Les Alternati et du Club St\u00e9r\u00e9oscopique Fran\u00e7ais&nbsp;<br><strong>Le pitch :&nbsp;<\/strong><em>Partez \u00e0 la d\u00e9couverte d\u2019une vision particuli\u00e8re de la photographie avec un proc\u00e9d\u00e9 \u00e0 la fois moderne avec la vision 3D et tr\u00e8s ancien, qui est n\u00e9 juste avant la photographie. Une exp\u00e9rience immersive, vaste et ludique avec des outils remontant aux origines jusqu\u2019aux smartphones et techniques num\u00e9riques.&nbsp;<\/em><br><strong>Pr\u00e9-requis&nbsp;: un smartphone et 2 yeux&nbsp;!<\/strong><\/p>\n<p><\/p>\n<p><\/p>\n<p><strong>Tarifs&nbsp;:<\/strong>&nbsp;<strong>20\u20ac pour les ext\u00e9rieurs<\/strong>&nbsp;<strong>10\u20ac pour les adh\u00e9rents<\/strong>&nbsp;de l\u2019association CPM \/&nbsp;<mark style=\"background-color:#fce000\" class=\"has-inline-color\">uniquement sur r\u00e9servation<\/mark> par mail \u00e0&nbsp;<a href=\"mailto:cafephotomarseille@gmail.com\">cafephotomarseille@gmail.com<\/a>&nbsp;\/ Places limit\u00e9es.<\/p>\n<p><\/p>\n<p><\/p>\n<p class=\"has-luminous-vivid-orange-color has-text-color\"><mark style=\"background-color:rgba(0, 0, 0, 0)\" class=\"has-inline-color has-vivid-cyan-blue-color\"><strong>Semaine 42&nbsp;:&nbsp;<\/strong>o<strong>uverture de l\u2019exposition les mercredi 19, jeudi 20 et vendredi 21 octobre de 15h \u00e0 19h<\/strong><\/mark><\/p>\n<p><\/p>\n<p><\/p>\n<p class=\"has-vivid-red-color has-text-color\"><strong>SAMEDI 22 OCTOBRE<\/strong><\/p>\n<p><\/p>\n<p><\/p>\n<p class=\"has-black-color has-text-color\">\u25b7&nbsp;<strong>9h\/21h : ouverture des expos au public<br><\/strong><mark style=\"background-color:#ffe100\" class=\"has-inline-color has-black-color\">\u25b7&nbsp;<strong>De 9h \u00e0 14h30 : SAFARI PHOTO<\/strong><\/mark><strong>&nbsp;<\/strong>au d\u00e9part du 3013, anim\u00e9 par <strong>Marino CORDESSE<\/strong>.&nbsp;Venez r\u00e9cup\u00e9rez vos th\u00e8mes et partez \u00e0 l&rsquo;aventure pour r\u00e9aliser vos photos !<br><em><strong>Le pitch :&nbsp;<\/strong>rdv pour un safari photo dans Marseille ! Seul ou par deux, 3 th\u00e8mes seront impos\u00e9s avec de nombreux lots offerts par nos partenaires pour les 5 photos class\u00e9es<\/em>.&nbsp;<br><mark style=\"background-color:#fcd700\" class=\"has-inline-color\">\u25b7 <strong>18h30&nbsp;: annonce des r\u00e9sultats et remise des lots aux gagnants du Safari photo<\/strong><\/mark> <strong>suivi d\u2019un moment de convivialit\u00e9 avec les participants et le public<\/strong>.<\/p>\n<p><\/p>\n<p><\/p>\n<p><strong>Tarifs :<\/strong>&nbsp;<strong>20\u20ac pour les ext\u00e9rieurs \/ 10\u20ac pour les adh\u00e9rents CPM<\/strong><\/p>\n<p><\/p>\n<p><\/p>\n<p><em><mark style=\"background-color:#fce000\" class=\"has-inline-color\"><strong>Uniquement sur r\u00e9servation<\/strong> par mail \u00e0 :&nbsp;<a href=\"mailto:cafephotomarseille@gmail.com\">cafephotomarseille@gmail.com<\/a><\/mark>&nbsp;dans la limite des places disponibles.<\/em>&nbsp;<\/p>\n<p><\/p>\n<p><\/p>\n<p class=\"has-vivid-red-color has-text-color\"><strong>DIMANCHE 23 OCTOBRE<\/strong><\/p>\n<p><\/p>\n<p><\/p>\n<p><strong>14h\/18h : ouverture des expos au public<\/strong><\/p>\n<p><\/p>\n<p><\/p>\n<p><mark style=\"background-color:#fce800\" class=\"has-inline-color\">\u25b7 <strong>De<\/strong>&nbsp;<strong>14h&nbsp;\u00e0 18h :<\/strong>&nbsp;<strong>lecture &amp; analyse de portfolios&nbsp;<\/strong><\/mark>anim\u00e9e par <strong>Alain GIRAUD et Michel LLORCA<\/strong>&nbsp;&nbsp;<br><em><strong>Le pitch&nbsp;:&nbsp;<\/strong>Nous proposons cette ann\u00e9e une rencontre \u00ab Lecture et Analyse de Portfolios \u00bb qui s\u2019adresse \u00e0 des photographes de tout niveau d\u00e9sireux d\u2019avoir un avis sur une s\u00e9rie finie, des conseils sur un travail en cours. Lorsqu\u2019il s\u2019agit de d\u00e9passer un \u00e9cueil, de surmonter un moment de doute, de trouver un second souffle ou simplement de se confronter \u00e0 un \u0153il ext\u00e9rieur autre que la famille ou les amis. Elle se d\u00e9roulera dans un esprit \u00e0 la fois exigeant et bienveillant. <\/em><br><strong>Pr\u00e9-requis : Venez avec une s\u00e9rie de 10-15 tirages de lecture<\/strong> <strong>ou sur imprimante de bureau<\/strong>. Pr\u00e9parez une courte introduction pour vous pr\u00e9senter et expliquer vos objectifs et motivations. Travail en groupe.<strong><br>Tarifs&nbsp;:<\/strong>&nbsp;<strong>20\u20ac pour les ext\u00e9rieurs<\/strong>&nbsp;\/&nbsp;<strong>10\u20ac pour les adh\u00e9rents<\/strong>&nbsp;<strong>CPM<\/strong>&nbsp;&#8211;&nbsp;<mark style=\"background-color:#fffb00\" class=\"has-inline-color has-black-color\">uniquement sur r\u00e9servation par mail \u00e0 <a rel=\"noreferrer noopener\" href=\"mailto:cafephotomarseille@gmail.com\" target=\"_blank\">cafephotomarseille@gmail.com<\/a><\/mark>&nbsp;\/ Places limit\u00e9es.&nbsp;<\/p>\n<p><\/p>\n<p><\/p>\n<p class=\"has-luminous-vivid-orange-color has-text-color\"><mark style=\"background-color:rgba(0, 0, 0, 0)\" class=\"has-inline-color has-vivid-cyan-blue-color\"><strong>Semaine 43&nbsp;:&nbsp;<\/strong>o<strong>uverture de l\u2019exposition les mercredi 26, jeudi 27 et vendredi 28 octobre de 15h \u00e0 19h<\/strong><\/mark><\/p>\n<p><\/p>\n<p><\/p>\n<p class=\"has-vivid-red-color has-text-color\"><strong>SAMEDI 29 OCTOBRE<\/strong><\/p>\n<p><\/p>\n<p><\/p>\n<p><strong>9h30\/19h : ouverture des expos au public<br><\/strong><mark style=\"background-color:#fce800\" class=\"has-inline-color\">\u25b7&nbsp;<strong>10h : RDV CAFE PHOTO <\/strong><\/mark><\/p>\n<p><\/p>\n<p><\/p>\n<figure class=\"wp-block-image size-large is-resized is-style-default\"><img decoding=\"async\" src=\"https:\/\/www.cafephotomarseille.org\/wp-content\/uploads\/2022\/09\/271824285_4892027114153995_7616211240376863981_n-494x329.jpeg\" alt=\"\" class=\"wp-image-3125\" width=\"332\" height=\"221\" srcset=\"https:\/\/www.cafephotomarseille.org\/wp-content\/uploads\/2022\/09\/271824285_4892027114153995_7616211240376863981_n-494x329.jpeg 494w, https:\/\/www.cafephotomarseille.org\/wp-content\/uploads\/2022\/09\/271824285_4892027114153995_7616211240376863981_n-288x192.jpeg 288w, https:\/\/www.cafephotomarseille.org\/wp-content\/uploads\/2022\/09\/271824285_4892027114153995_7616211240376863981_n-768x512.jpeg 768w, https:\/\/www.cafephotomarseille.org\/wp-content\/uploads\/2022\/09\/271824285_4892027114153995_7616211240376863981_n-1536x1024.jpeg 1536w, https:\/\/www.cafephotomarseille.org\/wp-content\/uploads\/2022\/09\/271824285_4892027114153995_7616211240376863981_n-207x138.jpeg 207w, https:\/\/www.cafephotomarseille.org\/wp-content\/uploads\/2022\/09\/271824285_4892027114153995_7616211240376863981_n.jpeg 1772w\" sizes=\"(max-width: 332px) 100vw, 332px\" \/><\/figure>\n<p><\/p>\n<p><\/p>\n<p><strong><br><\/strong><em>Venez rencontrer l&rsquo;\u00e9quipe du CPM, parler photo et d\u00e9couvrir le traditionnel caf\u00e9 photo, ouvert \u00e0 tous.&nbsp;<\/em><br><strong>Entr\u00e9e libre et surtout\u2026 caf\u00e9 offert !<\/strong><\/p>\n<p><\/p>\n<p><\/p>\n<p><mark style=\"background-color:#fcf100\" class=\"has-inline-color\">\u25b7&nbsp;<strong>11h : RESTITUTION de l\u2019atelier \u00ab&nbsp;R\u00e9aliser son livre photo d\u2019auteur : de l\u2019Editing \u00e0 la conception \u00bb&nbsp;<\/strong><\/mark>anim\u00e9e par <strong>Gilles THEODORE<\/strong> avec les t\u00e9moignages des photographes ayant particip\u00e9 \u00e0 cet atelier.&nbsp;<\/p>\n<p><\/p>\n<p><\/p>\n<p><em><strong>Le pitch :&nbsp;<\/strong>D\u00e9couvrez le travail r\u00e9alis\u00e9 par les participants de l&rsquo;atelier 2021 et les projets finalis\u00e9s ou en cours. La d\u00e9marche d&rsquo;auteur et l&rsquo;approche d&rsquo;Editing dans le cadre de la r\u00e9alisation de son livre ainsi que les retours d&rsquo;exp\u00e9rience.<\/em><br><strong>Entr\u00e9e libre<\/strong><\/p>\n<p><\/p>\n<p><\/p>\n<p><mark style=\"background-color:#fcf100\" class=\"has-inline-color\">\u25b7 De&nbsp;<strong>14h30&nbsp;\u00e0 17h30 :<\/strong>&nbsp;<strong>Atelier EDITING<\/strong><\/mark><strong>&nbsp;<\/strong>anim\u00e9 par <strong>Gilles THEODORE et Daniel BABOLAT&nbsp;<\/strong>&nbsp;<br><strong>Le pitch&nbsp;:&nbsp;<\/strong><em>Vos photos s\u2019accumulent et vous souhaitez leur donner une seconde vie&nbsp;?&nbsp;<br>Vous projetez la r\u00e9alisation d\u2019un petit livre ou d\u2019une exposition&nbsp;?&nbsp;<br>Autant de raisons qui peuvent vous motiver \u00e0 participer \u00e0 l\u2019atelier editing&nbsp;!<br>Venez \u00e9changer sur la notion de s\u00e9rie et l\u2019exercice difficile de l\u2019Editing en photographie et commencez \u00e0 structurer vos id\u00e9es sous les conseils avis\u00e9s des animateurs et le regard bienveillant du groupe.<\/em><\/p>\n<p><\/p>\n<p><\/p>\n<p><strong>Tarifs&nbsp;:&nbsp;20\u20ac pour les ext\u00e9rieurs<\/strong>&nbsp;\/&nbsp;<strong>10\u20ac pour les adh\u00e9rents<\/strong>&nbsp;<strong>CPM<\/strong>&nbsp;&#8211;&nbsp;uniquement sur r\u00e9servation par mail \u00e0&nbsp;<a href=\"mailto:cafephotomarseille@gmail.com\">cafephotomarseille@gmail.com<\/a>&nbsp;\/ Places limit\u00e9es<\/p>\n<p><\/p>\n<p><\/p>\n<p class=\"has-vivid-red-color has-text-color\"><strong>DIMANCHE 30 OCTOBRE<\/strong><\/p>\n<p><\/p>\n<p><\/p>\n<p><strong>14h\/18h : ouverture des expos au public<\/strong> <\/p>\n<p><\/p>\n<p><\/p>\n<p><mark style=\"background-color:#fcf100\" class=\"has-inline-color\">\u25b7&nbsp;<strong>De 9h&nbsp;\u00e0 12h :<\/strong>&nbsp;<strong>atelier CYANOTYPE \u2013 initiation<\/strong><\/mark><strong>&nbsp;<\/strong>anim\u00e9 par <strong>Sophie GOTTI<\/strong> et <strong>Philippe GARCIN-MARCON<\/strong>, membres du collectif de photographie alternative LES ALTERNATI<\/p>\n<p><\/p>\n<p><\/p>\n<figure class=\"wp-block-image size-full\"><img decoding=\"async\" width=\"364\" height=\"480\" src=\"https:\/\/www.cafephotomarseille.org\/wp-content\/uploads\/2022\/09\/6202735533_5d8663f503_o.jpg\" alt=\"\" class=\"wp-image-3104\" srcset=\"https:\/\/www.cafephotomarseille.org\/wp-content\/uploads\/2022\/09\/6202735533_5d8663f503_o.jpg 364w, https:\/\/www.cafephotomarseille.org\/wp-content\/uploads\/2022\/09\/6202735533_5d8663f503_o-218x288.jpg 218w, https:\/\/www.cafephotomarseille.org\/wp-content\/uploads\/2022\/09\/6202735533_5d8663f503_o-157x207.jpg 157w\" sizes=\"(max-width: 364px) 100vw, 364px\" \/><\/figure>\n<p><\/p>\n<p><\/p>\n<p><strong>Le pitch :&nbsp;<\/strong><em>Partez \u00e0 la d\u00e9couverte de ce proc\u00e9d\u00e9 ancien de tirage \u00e0 l\u2019effet Bleu de Prusse avec l\u2019apprentissage des bases, les conseils de l\u2019impression d&rsquo;un n\u00e9gatif \u00e0 l\u2019insolation et d\u00e9couvrez les possibilit\u00e9s cr\u00e9atives qu\u2019offrent les virages ou tonifications<\/em>.<\/p>\n<p><\/p>\n<p><\/p>\n<p><strong>Tarifs&nbsp;:&nbsp;50\u20ac pour les ext\u00e9rieurs<\/strong>&nbsp;<strong>30\u20ac pour les adh\u00e9rents<\/strong>&nbsp;de l\u2019association CPM \/&nbsp;<mark style=\"background-color:#fce000\" class=\"has-inline-color has-black-color\">uniquement sur r\u00e9servation par mail \u00e0 <a rel=\"noreferrer noopener\" href=\"mailto:cafephotomarseille@gmail.com\" target=\"_blank\">cafephotomarseille@gmail.com<\/a><\/mark>&nbsp;\/ Places limit\u00e9es.&nbsp;<\/p>\n<p><\/p>\t\t\t\t\t\t\t\t<\/div>\n\t\t\t\t<\/div>\n\t\t\t\t\t<\/div>\n\t\t<\/div>\n\t\t\t\t\t<\/div>\n\t\t<\/section>\n\t\t\t\t<\/div>\n\t\t","protected":false},"excerpt":{"rendered":"<p>Retrouvez le programme d\u00e9taill\u00e9 des temps forts de l&rsquo;exposition collective du CPM en parall\u00e8le de l&rsquo;exposition en tirages Cadavre Exquis et ses 40 s\u00e9ries projet\u00e9es. Ce seront cette ann\u00e9e 62 photographes qui seront expos\u00e9s en tirages et\/ou en projection. Une table de livres d&rsquo;auteurs de nos adh\u00e9rents sera install\u00e9e dans le lieu. Vous pouvez t\u00e9l\u00e9charger &hellip; <\/p>\n<p class=\"link-more\"><a href=\"https:\/\/www.cafephotomarseille.org\/?p=3103\" class=\"more-link\">Lire la suite de<span class=\"screen-reader-text\">\u00ab\u00a0Expo 2022 : LE programme des ateliers et animations\u00a0\u00bb<\/span><\/a><\/p>\n","protected":false},"author":1,"featured_media":3246,"comment_status":"closed","ping_status":"closed","sticky":false,"template":"","format":"standard","meta":{"footnotes":""},"categories":[65,12],"tags":[],"class_list":["post-3103","post","type-post","status-publish","format-standard","has-post-thumbnail","hentry","category-projets","category-rdv-mensuel"],"featured_media_urls":{"thumbnail":["https:\/\/www.cafephotomarseille.org\/wp-content\/uploads\/2022\/11\/cropped-313005135_10226618346859842_7020075806826789983_n-290x290.jpeg",290,290,true],"medium":["https:\/\/www.cafephotomarseille.org\/wp-content\/uploads\/2022\/11\/cropped-313005135_10226618346859842_7020075806826789983_n-288x173.jpeg",288,173,true],"medium_large":["https:\/\/www.cafephotomarseille.org\/wp-content\/uploads\/2022\/11\/cropped-313005135_10226618346859842_7020075806826789983_n-768x461.jpeg",768,461,true],"large":["https:\/\/www.cafephotomarseille.org\/wp-content\/uploads\/2022\/11\/cropped-313005135_10226618346859842_7020075806826789983_n-494x296.jpeg",494,296,true],"1536x1536":["https:\/\/www.cafephotomarseille.org\/wp-content\/uploads\/2022\/11\/cropped-313005135_10226618346859842_7020075806826789983_n-1536x922.jpeg",1536,922,true],"2048x2048":["https:\/\/www.cafephotomarseille.org\/wp-content\/uploads\/2022\/11\/cropped-313005135_10226618346859842_7020075806826789983_n.jpeg",2000,1200,false],"inspiro-featured-image":["https:\/\/www.cafephotomarseille.org\/wp-content\/uploads\/2022\/11\/cropped-313005135_10226618346859842_7020075806826789983_n.jpeg",2000,1200,false],"inspiro-loop":["https:\/\/www.cafephotomarseille.org\/wp-content\/uploads\/2022\/11\/cropped-313005135_10226618346859842_7020075806826789983_n-950x320.jpeg",950,320,true],"inspiro-loop@2x":["https:\/\/www.cafephotomarseille.org\/wp-content\/uploads\/2022\/11\/cropped-313005135_10226618346859842_7020075806826789983_n-1900x640.jpeg",1900,640,true],"portfolio_item-thumbnail":["https:\/\/www.cafephotomarseille.org\/wp-content\/uploads\/2022\/11\/cropped-313005135_10226618346859842_7020075806826789983_n-600x400.jpeg",600,400,true],"portfolio_item-thumbnail@2x":["https:\/\/www.cafephotomarseille.org\/wp-content\/uploads\/2022\/11\/cropped-313005135_10226618346859842_7020075806826789983_n-1200x800.jpeg",1200,800,true],"portfolio_item-masonry":["https:\/\/www.cafephotomarseille.org\/wp-content\/uploads\/2022\/11\/cropped-313005135_10226618346859842_7020075806826789983_n-600x360.jpeg",600,360,true],"portfolio_item-masonry@2x":["https:\/\/www.cafephotomarseille.org\/wp-content\/uploads\/2022\/11\/cropped-313005135_10226618346859842_7020075806826789983_n-1200x720.jpeg",1200,720,true],"portfolio_item-thumbnail_cinema":["https:\/\/www.cafephotomarseille.org\/wp-content\/uploads\/2022\/11\/cropped-313005135_10226618346859842_7020075806826789983_n-800x335.jpeg",800,335,true],"portfolio_item-thumbnail_portrait":["https:\/\/www.cafephotomarseille.org\/wp-content\/uploads\/2022\/11\/cropped-313005135_10226618346859842_7020075806826789983_n-600x900.jpeg",600,900,true],"portfolio_item-thumbnail_portrait@2x":["https:\/\/www.cafephotomarseille.org\/wp-content\/uploads\/2022\/11\/cropped-313005135_10226618346859842_7020075806826789983_n-1200x1200.jpeg",1200,1200,true],"portfolio_item-thumbnail_square":["https:\/\/www.cafephotomarseille.org\/wp-content\/uploads\/2022\/11\/cropped-313005135_10226618346859842_7020075806826789983_n-800x800.jpeg",800,800,true]},"_links":{"self":[{"href":"https:\/\/www.cafephotomarseille.org\/index.php?rest_route=\/wp\/v2\/posts\/3103","targetHints":{"allow":["GET"]}}],"collection":[{"href":"https:\/\/www.cafephotomarseille.org\/index.php?rest_route=\/wp\/v2\/posts"}],"about":[{"href":"https:\/\/www.cafephotomarseille.org\/index.php?rest_route=\/wp\/v2\/types\/post"}],"author":[{"embeddable":true,"href":"https:\/\/www.cafephotomarseille.org\/index.php?rest_route=\/wp\/v2\/users\/1"}],"replies":[{"embeddable":true,"href":"https:\/\/www.cafephotomarseille.org\/index.php?rest_route=%2Fwp%2Fv2%2Fcomments&post=3103"}],"version-history":[{"count":13,"href":"https:\/\/www.cafephotomarseille.org\/index.php?rest_route=\/wp\/v2\/posts\/3103\/revisions"}],"predecessor-version":[{"id":3286,"href":"https:\/\/www.cafephotomarseille.org\/index.php?rest_route=\/wp\/v2\/posts\/3103\/revisions\/3286"}],"wp:featuredmedia":[{"embeddable":true,"href":"https:\/\/www.cafephotomarseille.org\/index.php?rest_route=\/wp\/v2\/media\/3246"}],"wp:attachment":[{"href":"https:\/\/www.cafephotomarseille.org\/index.php?rest_route=%2Fwp%2Fv2%2Fmedia&parent=3103"}],"wp:term":[{"taxonomy":"category","embeddable":true,"href":"https:\/\/www.cafephotomarseille.org\/index.php?rest_route=%2Fwp%2Fv2%2Fcategories&post=3103"},{"taxonomy":"post_tag","embeddable":true,"href":"https:\/\/www.cafephotomarseille.org\/index.php?rest_route=%2Fwp%2Fv2%2Ftags&post=3103"}],"curies":[{"name":"wp","href":"https:\/\/api.w.org\/{rel}","templated":true}]}}