{"id":3091,"date":"2022-09-11T09:02:53","date_gmt":"2022-09-11T09:02:53","guid":{"rendered":"http:\/\/www.cafephotomarseille.org\/?p=3091"},"modified":"2022-09-12T18:17:13","modified_gmt":"2022-09-12T18:17:13","slug":"expo-collective-2022-the-visuel","status":"publish","type":"post","link":"https:\/\/www.cafephotomarseille.org\/?p=3091","title":{"rendered":"Expo collective : LE visuel"},"content":{"rendered":"\n<figure class=\"wp-block-image size-full\"><img fetchpriority=\"high\" decoding=\"async\" width=\"1748\" height=\"2480\" src=\"https:\/\/www.cafephotomarseille.org\/wp-content\/uploads\/2022\/09\/VISUEL-OFFICIEL-EXPO-CPM-WEB-1.jpg\" alt=\"\" class=\"wp-image-3094\" srcset=\"https:\/\/www.cafephotomarseille.org\/wp-content\/uploads\/2022\/09\/VISUEL-OFFICIEL-EXPO-CPM-WEB-1.jpg 1748w, https:\/\/www.cafephotomarseille.org\/wp-content\/uploads\/2022\/09\/VISUEL-OFFICIEL-EXPO-CPM-WEB-1-203x288.jpg 203w, https:\/\/www.cafephotomarseille.org\/wp-content\/uploads\/2022\/09\/VISUEL-OFFICIEL-EXPO-CPM-WEB-1-348x494.jpg 348w, https:\/\/www.cafephotomarseille.org\/wp-content\/uploads\/2022\/09\/VISUEL-OFFICIEL-EXPO-CPM-WEB-1-768x1090.jpg 768w, https:\/\/www.cafephotomarseille.org\/wp-content\/uploads\/2022\/09\/VISUEL-OFFICIEL-EXPO-CPM-WEB-1-1083x1536.jpg 1083w, https:\/\/www.cafephotomarseille.org\/wp-content\/uploads\/2022\/09\/VISUEL-OFFICIEL-EXPO-CPM-WEB-1-1444x2048.jpg 1444w, https:\/\/www.cafephotomarseille.org\/wp-content\/uploads\/2022\/09\/VISUEL-OFFICIEL-EXPO-CPM-WEB-1-146x207.jpg 146w\" sizes=\"(max-width: 1748px) 100vw, 1748px\" \/><\/figure>\n\n\n\n<p>Officiellement d\u00e9voil\u00e9 samedi dernier lors du RDV caf\u00e9 photo de rentr\u00e9e, voici le visuel de notre exposition collective 2022 ! Les informations d\u00e9taill\u00e9es sur les ateliers, lectures de portfolios, safari photo etc&#8230; tarifs et modalit\u00e9s d&rsquo;inscriptions seront publi\u00e9s sur ce site et sur Facebook ! <br>Un peu de patience&#8230;<\/p>\n\n\n\n<p>En attendant, notez sur vos agendas, RDV du 15 au 30 octobre \u00e0 <a href=\"https:\/\/www.facebook.com\/marseille3013\/?__cft__[0]=AZX2KKIqmnkp00_u_ru_bFfJmj_zGydZuMDK0A17Sj3PG-8TO6GBy6DiNmDMQ6sBEfI2XkCanShSl5XXe2t_NECSCIZGFq1A36D89UYdR_iM5wrxXynkchu-ey4hSDEazbpsPGIwTTGhjzEGygy9wcLm&amp;__tn__=kK-R\">Marseille3013<\/a> <\/p>\n\n\n\n<h2 class=\"wp-block-heading\"><\/h2>\n","protected":false},"excerpt":{"rendered":"<p>Officiellement d\u00e9voil\u00e9 samedi dernier lors du RDV caf\u00e9 photo de rentr\u00e9e, voici le visuel de notre exposition collective 2022 ! Les informations d\u00e9taill\u00e9es sur les ateliers, lectures de portfolios, safari photo etc&#8230; tarifs et modalit\u00e9s d&rsquo;inscriptions seront publi\u00e9s sur ce site et sur Facebook ! Un peu de patience&#8230; En attendant, notez sur vos agendas, &hellip; <\/p>\n<p class=\"link-more\"><a href=\"https:\/\/www.cafephotomarseille.org\/?p=3091\" class=\"more-link\">Lire la suite de<span class=\"screen-reader-text\">\u00ab\u00a0Expo collective : LE visuel\u00a0\u00bb<\/span><\/a><\/p>\n","protected":false},"author":1,"featured_media":0,"comment_status":"closed","ping_status":"closed","sticky":false,"template":"","format":"standard","meta":{"footnotes":""},"categories":[6],"tags":[],"class_list":["post-3091","post","type-post","status-publish","format-standard","hentry","category-agenda"],"featured_media_urls":[],"_links":{"self":[{"href":"https:\/\/www.cafephotomarseille.org\/index.php?rest_route=\/wp\/v2\/posts\/3091","targetHints":{"allow":["GET"]}}],"collection":[{"href":"https:\/\/www.cafephotomarseille.org\/index.php?rest_route=\/wp\/v2\/posts"}],"about":[{"href":"https:\/\/www.cafephotomarseille.org\/index.php?rest_route=\/wp\/v2\/types\/post"}],"author":[{"embeddable":true,"href":"https:\/\/www.cafephotomarseille.org\/index.php?rest_route=\/wp\/v2\/users\/1"}],"replies":[{"embeddable":true,"href":"https:\/\/www.cafephotomarseille.org\/index.php?rest_route=%2Fwp%2Fv2%2Fcomments&post=3091"}],"version-history":[{"count":8,"href":"https:\/\/www.cafephotomarseille.org\/index.php?rest_route=\/wp\/v2\/posts\/3091\/revisions"}],"predecessor-version":[{"id":3102,"href":"https:\/\/www.cafephotomarseille.org\/index.php?rest_route=\/wp\/v2\/posts\/3091\/revisions\/3102"}],"wp:attachment":[{"href":"https:\/\/www.cafephotomarseille.org\/index.php?rest_route=%2Fwp%2Fv2%2Fmedia&parent=3091"}],"wp:term":[{"taxonomy":"category","embeddable":true,"href":"https:\/\/www.cafephotomarseille.org\/index.php?rest_route=%2Fwp%2Fv2%2Fcategories&post=3091"},{"taxonomy":"post_tag","embeddable":true,"href":"https:\/\/www.cafephotomarseille.org\/index.php?rest_route=%2Fwp%2Fv2%2Ftags&post=3091"}],"curies":[{"name":"wp","href":"https:\/\/api.w.org\/{rel}","templated":true}]}}