{"id":3078,"date":"2022-06-25T08:28:06","date_gmt":"2022-06-25T08:28:06","guid":{"rendered":"http:\/\/www.cafephotomarseille.org\/?p=3078"},"modified":"2022-08-30T16:48:22","modified_gmt":"2022-08-30T16:48:22","slug":"fin-de-saison-a-bientot","status":"publish","type":"post","link":"https:\/\/www.cafephotomarseille.org\/?p=3078","title":{"rendered":"C&rsquo;est l&rsquo;\u00e9t\u00e9 !"},"content":{"rendered":"\n<figure class=\"wp-block-image alignleft size-large is-resized\"><img fetchpriority=\"high\" decoding=\"async\" src=\"https:\/\/www.cafephotomarseille.org\/wp-content\/uploads\/2022\/06\/289925443_10221033547736858_8008219961176663465_n-494x329.jpeg\" alt=\"\" class=\"wp-image-3080\" width=\"554\" height=\"369\" srcset=\"https:\/\/www.cafephotomarseille.org\/wp-content\/uploads\/2022\/06\/289925443_10221033547736858_8008219961176663465_n-494x329.jpeg 494w, https:\/\/www.cafephotomarseille.org\/wp-content\/uploads\/2022\/06\/289925443_10221033547736858_8008219961176663465_n-288x192.jpeg 288w, https:\/\/www.cafephotomarseille.org\/wp-content\/uploads\/2022\/06\/289925443_10221033547736858_8008219961176663465_n-768x512.jpeg 768w, https:\/\/www.cafephotomarseille.org\/wp-content\/uploads\/2022\/06\/289925443_10221033547736858_8008219961176663465_n-1536x1024.jpeg 1536w, https:\/\/www.cafephotomarseille.org\/wp-content\/uploads\/2022\/06\/289925443_10221033547736858_8008219961176663465_n-207x138.jpeg 207w, https:\/\/www.cafephotomarseille.org\/wp-content\/uploads\/2022\/06\/289925443_10221033547736858_8008219961176663465_n.jpeg 2048w\" sizes=\"(max-width: 554px) 100vw, 554px\" \/><figcaption>Photo de groupe de notre sortie en mai \u00e0 S\u00e8te \/ Merci Sophie pour la photo \ud83d\ude42<\/figcaption><\/figure>\n\n\n\n<p>Bonjour \u00e0 tous !<br>Le CPM prend ses quartiers d&rsquo;\u00e9t\u00e9. Les RDV reprendront fin ao\u00fbt ou d\u00e9but septembre mais bon nombre de festivals photo jalonnent l&rsquo;\u00e9t\u00e9 donc c&rsquo;est toujours l&rsquo;occasion de croiser des copains \ud83d\ude09<br>En attendant quelques infos utiles.<\/p>\n\n\n\n<p> <img decoding=\"async\" height=\"16\" width=\"16\" src=\"https:\/\/static.xx.fbcdn.net\/images\/emoji.php\/v9\/t4b\/2\/16\/1f4cc.png\" alt=\"&#x1f4cc;\"> Aux adh\u00e9rents, pensez \u00e0 vous mettre \u00e0 jour de vos frais de participations + adh\u00e9sion si vous participez \u00e0 un des appels \u00e0 projet 2022, sachant que le 1er en tirages \u00ab\u00a0cadavre exquis\u00a0\u00bb est clos mais que le second, \u00ab\u00a0Le silence\u00a0\u00bb pour la projection de s\u00e9ries de 4 \u00e0 8 photos reste ouvert \u00e0 la participation jusqu&rsquo;au 4 septembre. Modalit\u00e9s de participation \u00e0 t\u00e9l\u00e9charger <a href=\"https:\/\/www.cafephotomarseille.org\/?fbclid=IwAR39qANHdEMeL2HqZ4VW9bpbcVRYOiK-yWXT6SlZ4f4kwQqTQ-Moas4F7fA\"><strong><a rel=\"noreferrer noopener\" href=\"https:\/\/www.cafephotomarseille.org\/wp-content\/uploads\/2022\/05\/AAP-projection-Le-silence-2022.pdf\" target=\"_blank\">CLIQUEZ POUR TELECHARGER L&rsquo;Appel \u00e0 projet<\/a><\/strong><\/a><\/p>\n\n\n\n<figure class=\"wp-block-image alignleft size-full\"><img decoding=\"async\" width=\"1200\" height=\"675\" src=\"https:\/\/www.cafephotomarseille.org\/wp-content\/uploads\/2022\/06\/media_thumbnail_9135.jpeg\" alt=\"\" class=\"wp-image-3082\" srcset=\"https:\/\/www.cafephotomarseille.org\/wp-content\/uploads\/2022\/06\/media_thumbnail_9135.jpeg 1200w, https:\/\/www.cafephotomarseille.org\/wp-content\/uploads\/2022\/06\/media_thumbnail_9135-288x162.jpeg 288w, https:\/\/www.cafephotomarseille.org\/wp-content\/uploads\/2022\/06\/media_thumbnail_9135-494x278.jpeg 494w, https:\/\/www.cafephotomarseille.org\/wp-content\/uploads\/2022\/06\/media_thumbnail_9135-768x432.jpeg 768w, https:\/\/www.cafephotomarseille.org\/wp-content\/uploads\/2022\/06\/media_thumbnail_9135-207x116.jpeg 207w, https:\/\/www.cafephotomarseille.org\/wp-content\/uploads\/2022\/06\/media_thumbnail_9135-600x338.jpeg 600w\" sizes=\"(max-width: 1200px) 100vw, 1200px\" \/><figcaption><em>Photo de Jan Hakon Erichsen<\/em><\/figcaption><\/figure>\n\n\n\n<p><img loading=\"lazy\" decoding=\"async\" height=\"16\" width=\"16\" alt=\"&#x1f4cc;\" src=\"https:\/\/static.xx.fbcdn.net\/images\/emoji.php\/v9\/t4b\/2\/16\/1f4cc.png\"> Nous vous proposons un <strong>rendez-vous samedi 9 juillet \u00e0 20h aux papeteries Etienne d&rsquo;Arles pour la nuit de l&rsquo;ann\u00e9e<\/strong> lors de la semaine d&rsquo;ouverture des Rencontres d&rsquo;Arles avec de grandes projections photo en plein air et gratuites. <br>Infos ici : <a rel=\"noreferrer noopener\" href=\"https:\/\/www.rencontres-arles.com\/fr\/agenda\/view\/2761\/nuit-de-l-annee?fbclid=IwAR1EtOacCwYoIZfjFdhg1B4g6ncjxXsOTwvwASBEdtMyma4IKkalNxTOLfc\" target=\"_blank\">https:\/\/www.rencontres-arles.com\/&#8230;\/2761\/nuit-de-l-annee<\/a><br>Food trucks sur place pour se restaurer et \u00e0 noter qu&rsquo;il y aura dans le lot une projection sp\u00e9ciale Ukraine avec notamment les photos d&rsquo;Eric Bouvet.<\/p>\n\n\n\n<p><img loading=\"lazy\" decoding=\"async\" height=\"16\" width=\"16\" alt=\"&#x1f4cc;\" src=\"https:\/\/static.xx.fbcdn.net\/images\/emoji.php\/v9\/t4b\/2\/16\/1f4cc.png\"> A noter que le secr\u00e9tariat reste ouvert tout l&rsquo;\u00e9t\u00e9 \u00e0 l&rsquo;adresse <a href=\"mailto:cafephotomarseille@gmail.com\">cafephotomarseille<\/a> pour vos questions diverses et vari\u00e9es. Nous tenterons de fixer un RDV de pr\u00e9-rentr\u00e9e fin ao\u00fbt.Une bel \u00e9t\u00e9 \u00e0 tous, RDV au repas de fin saison pour certain.e.s, \u00e0 la nuit de l&rsquo;ann\u00e9e pour d&rsquo;autres.<br>Amiti\u00e9s photographiques<br><em>Sophie G., pr\u00e9sidente du Caf\u00e9 Photo Marseille \/ pour le bureau<\/em><\/p>\n","protected":false},"excerpt":{"rendered":"<p>Bonjour \u00e0 tous !Le CPM prend ses quartiers d&rsquo;\u00e9t\u00e9. Les RDV reprendront fin ao\u00fbt ou d\u00e9but septembre mais bon nombre de festivals photo jalonnent l&rsquo;\u00e9t\u00e9 donc c&rsquo;est toujours l&rsquo;occasion de croiser des copains \ud83d\ude09En attendant quelques infos utiles. Aux adh\u00e9rents, pensez \u00e0 vous mettre \u00e0 jour de vos frais de participations + adh\u00e9sion si vous &hellip; <\/p>\n<p class=\"link-more\"><a href=\"https:\/\/www.cafephotomarseille.org\/?p=3078\" class=\"more-link\">Lire la suite de<span class=\"screen-reader-text\">\u00ab\u00a0C&rsquo;est l&rsquo;\u00e9t\u00e9 !\u00a0\u00bb<\/span><\/a><\/p>\n","protected":false},"author":1,"featured_media":0,"comment_status":"closed","ping_status":"closed","sticky":false,"template":"","format":"standard","meta":{"footnotes":""},"categories":[6],"tags":[],"class_list":["post-3078","post","type-post","status-publish","format-standard","hentry","category-agenda"],"featured_media_urls":[],"_links":{"self":[{"href":"https:\/\/www.cafephotomarseille.org\/index.php?rest_route=\/wp\/v2\/posts\/3078","targetHints":{"allow":["GET"]}}],"collection":[{"href":"https:\/\/www.cafephotomarseille.org\/index.php?rest_route=\/wp\/v2\/posts"}],"about":[{"href":"https:\/\/www.cafephotomarseille.org\/index.php?rest_route=\/wp\/v2\/types\/post"}],"author":[{"embeddable":true,"href":"https:\/\/www.cafephotomarseille.org\/index.php?rest_route=\/wp\/v2\/users\/1"}],"replies":[{"embeddable":true,"href":"https:\/\/www.cafephotomarseille.org\/index.php?rest_route=%2Fwp%2Fv2%2Fcomments&post=3078"}],"version-history":[{"count":7,"href":"https:\/\/www.cafephotomarseille.org\/index.php?rest_route=\/wp\/v2\/posts\/3078\/revisions"}],"predecessor-version":[{"id":3090,"href":"https:\/\/www.cafephotomarseille.org\/index.php?rest_route=\/wp\/v2\/posts\/3078\/revisions\/3090"}],"wp:attachment":[{"href":"https:\/\/www.cafephotomarseille.org\/index.php?rest_route=%2Fwp%2Fv2%2Fmedia&parent=3078"}],"wp:term":[{"taxonomy":"category","embeddable":true,"href":"https:\/\/www.cafephotomarseille.org\/index.php?rest_route=%2Fwp%2Fv2%2Fcategories&post=3078"},{"taxonomy":"post_tag","embeddable":true,"href":"https:\/\/www.cafephotomarseille.org\/index.php?rest_route=%2Fwp%2Fv2%2Ftags&post=3078"}],"curies":[{"name":"wp","href":"https:\/\/api.w.org\/{rel}","templated":true}]}}