{"id":3061,"date":"2020-12-20T07:16:11","date_gmt":"2020-12-20T07:16:11","guid":{"rendered":"http:\/\/www.cafephotomarseille.org\/?p=3061"},"modified":"2020-12-20T07:46:58","modified_gmt":"2020-12-20T07:46:58","slug":"lexposition-virtuel-du-cpm-comme-si-vous-y-etiez","status":"publish","type":"post","link":"https:\/\/www.cafephotomarseille.org\/?p=3061","title":{"rendered":"L&rsquo;exposition virtuelle du CPM, comme si vous y \u00e9tiez !"},"content":{"rendered":"\n<p>Retrouvez les deux parties du montage photo diffus\u00e9 en vernissage virtuel au mois de novembre 2020. Comme bon nombre d&rsquo;acteurs du monde culturel, notre association a su aussi s&rsquo;adapter, retrouvez les s\u00e9ries (entre 5 et 7 images) de nos adh\u00e9rents sur les th\u00e8mes \u00ab\u00a0fen\u00eatre sur\u00a0\u00bb et \u00a0\u00bb introspection\u00a0\u00bb<br>Les 22 photographes participants de cette exposition virtuelle  : BAB Daniel \u2013 BAUNEZ Christelle \u2013 CORDESSE Marino \u2013 COULON Genevi\u00e8ve \u2013 DOEHR Estelle \u2013 GIRAUD Alain \u2013 GOTTI Sophie \u2013 HOUSSIN Philippe \u2013 HUREL Carole \u2013 JORIS Marine \u2013 MURRE Michelle \u2013 NOBLE Manuela \u2013 OBJAR Paul-Emile \u2013 POIROTTE Anne \u2013 POMMIER Julia \u2013 RANISIO Sergio \u2013 SANTUCCI Jean-Jacques \u2013 TETAERT Evelyne \u2013 THEODORE Gilles \u2013 VALLADIER Jean-Marc \u2013 VEDEL Fernande \u2013 WERCK Marie<\/p>\n\n\n\n<p>Notre page FB : <a href=\"https:\/\/www.facebook.com\/CafePhotoMarseille\" target=\"_blank\" rel=\"noreferrer noopener\">https:\/\/www.facebook.com\/CafePhotoMarseille<\/a><\/p>\n\n\n\n<figure class=\"wp-block-embed is-type-video is-provider-vimeo\"><div class=\"wp-block-embed__wrapper\">\n<iframe title=\"Exposition virtuelle 1 : Fen&amp;ecirc;tre sur...\" src=\"https:\/\/player.vimeo.com\/video\/490201382?h=c66f65cfad&amp;dnt=1&amp;app_id=122963\" width=\"950\" height=\"534\" frameborder=\"0\" allow=\"autoplay; fullscreen; picture-in-picture\" allowfullscreen><\/iframe>\n<\/div><\/figure>\n\n\n\n<p>La seconde partie sur le th\u00e8me introspection :<\/p>\n\n\n\n<figure class=\"wp-block-embed-vimeo wp-block-embed is-type-video is-provider-vimeo wp-embed-aspect-16-9 wp-has-aspect-ratio\"><div class=\"wp-block-embed__wrapper\">\n<iframe title=\"Expo virtuelle 2 : Introspection\" src=\"https:\/\/player.vimeo.com\/video\/492584613?h=9bd5a14d99&amp;dnt=1&amp;app_id=122963\" width=\"950\" height=\"534\" frameborder=\"0\" allow=\"autoplay; fullscreen; picture-in-picture\" allowfullscreen><\/iframe>\n<\/div><\/figure>\n","protected":false},"excerpt":{"rendered":"<p>Retrouvez les deux parties du montage photo diffus\u00e9 en vernissage virtuel au mois de novembre 2020. Comme bon nombre d&rsquo;acteurs du monde culturel, notre association a su aussi s&rsquo;adapter, retrouvez les s\u00e9ries (entre 5 et 7 images) de nos adh\u00e9rents sur les th\u00e8mes \u00ab\u00a0fen\u00eatre sur\u00a0\u00bb et \u00a0\u00bb introspection\u00a0\u00bbLes 22 photographes participants de cette exposition virtuelle &hellip; <\/p>\n<p class=\"link-more\"><a href=\"https:\/\/www.cafephotomarseille.org\/?p=3061\" class=\"more-link\">Lire la suite de<span class=\"screen-reader-text\">\u00ab\u00a0L&rsquo;exposition virtuelle du CPM, comme si vous y \u00e9tiez !\u00a0\u00bb<\/span><\/a><\/p>\n","protected":false},"author":1,"featured_media":0,"comment_status":"closed","ping_status":"closed","sticky":false,"template":"","format":"standard","meta":{"footnotes":""},"categories":[65,12],"tags":[],"class_list":["post-3061","post","type-post","status-publish","format-standard","hentry","category-projets","category-rdv-mensuel"],"featured_media_urls":[],"_links":{"self":[{"href":"https:\/\/www.cafephotomarseille.org\/index.php?rest_route=\/wp\/v2\/posts\/3061","targetHints":{"allow":["GET"]}}],"collection":[{"href":"https:\/\/www.cafephotomarseille.org\/index.php?rest_route=\/wp\/v2\/posts"}],"about":[{"href":"https:\/\/www.cafephotomarseille.org\/index.php?rest_route=\/wp\/v2\/types\/post"}],"author":[{"embeddable":true,"href":"https:\/\/www.cafephotomarseille.org\/index.php?rest_route=\/wp\/v2\/users\/1"}],"replies":[{"embeddable":true,"href":"https:\/\/www.cafephotomarseille.org\/index.php?rest_route=%2Fwp%2Fv2%2Fcomments&post=3061"}],"version-history":[{"count":2,"href":"https:\/\/www.cafephotomarseille.org\/index.php?rest_route=\/wp\/v2\/posts\/3061\/revisions"}],"predecessor-version":[{"id":3064,"href":"https:\/\/www.cafephotomarseille.org\/index.php?rest_route=\/wp\/v2\/posts\/3061\/revisions\/3064"}],"wp:attachment":[{"href":"https:\/\/www.cafephotomarseille.org\/index.php?rest_route=%2Fwp%2Fv2%2Fmedia&parent=3061"}],"wp:term":[{"taxonomy":"category","embeddable":true,"href":"https:\/\/www.cafephotomarseille.org\/index.php?rest_route=%2Fwp%2Fv2%2Fcategories&post=3061"},{"taxonomy":"post_tag","embeddable":true,"href":"https:\/\/www.cafephotomarseille.org\/index.php?rest_route=%2Fwp%2Fv2%2Ftags&post=3061"}],"curies":[{"name":"wp","href":"https:\/\/api.w.org\/{rel}","templated":true}]}}