{"id":3050,"date":"2020-12-13T16:01:57","date_gmt":"2020-12-13T16:01:57","guid":{"rendered":"http:\/\/www.cafephotomarseille.org\/?p=3050"},"modified":"2020-12-20T07:04:37","modified_gmt":"2020-12-20T07:04:37","slug":"7eme-rencontres-photographiques-de-cassis","status":"publish","type":"post","link":"https:\/\/www.cafephotomarseille.org\/?p=3050","title":{"rendered":"ANNULATION \/\/\/\/ 7\u00e8me rencontres photographiques de Cassis \/\/\/"},"content":{"rendered":"\n<p><strong><span class=\"has-inline-color has-vivid-red-color\">Nous sommes au regret d&rsquo;annoncer que ce RDV pr\u00e9vu en f\u00e9vrier est annul\u00e9 \u00e0 la demande de notre partenaire l&rsquo;association H2Arts et report\u00e9 \u00e0 une date ult\u00e9rieure.<\/span><\/strong><\/p>\n\n\n\n<p>Pour la 7\u00e8me ann\u00e9e cons\u00e9cutive, l&rsquo;association Caf\u00e9 Photo Marseille est co-organisatrice de l&rsquo;\u00e9dition des Rencontres photographiques de Cassis propos\u00e9es par l&rsquo;association H2Arts, en partenariat avec la ville de Cassis et le Conseil D\u00e9partemental.<\/p>\n\n\n\n<figure class=\"wp-block-image size-large\"><img fetchpriority=\"high\" decoding=\"async\" width=\"494\" height=\"211\" src=\"https:\/\/www.cafephotomarseille.org\/wp-content\/uploads\/2020\/12\/PHOTO-C.-SINTES-1-494x211.jpg\" alt=\"\" class=\"wp-image-3054\" srcset=\"https:\/\/www.cafephotomarseille.org\/wp-content\/uploads\/2020\/12\/PHOTO-C.-SINTES-1-494x211.jpg 494w, https:\/\/www.cafephotomarseille.org\/wp-content\/uploads\/2020\/12\/PHOTO-C.-SINTES-1-288x123.jpg 288w, https:\/\/www.cafephotomarseille.org\/wp-content\/uploads\/2020\/12\/PHOTO-C.-SINTES-1-768x328.jpg 768w, https:\/\/www.cafephotomarseille.org\/wp-content\/uploads\/2020\/12\/PHOTO-C.-SINTES-1-1536x656.jpg 1536w, https:\/\/www.cafephotomarseille.org\/wp-content\/uploads\/2020\/12\/PHOTO-C.-SINTES-1-2048x875.jpg 2048w, https:\/\/www.cafephotomarseille.org\/wp-content\/uploads\/2020\/12\/PHOTO-C.-SINTES-1-207x88.jpg 207w\" sizes=\"(max-width: 494px) 100vw, 494px\" \/><\/figure>\n\n\n\n<p>Ces rencontres se d\u00e9rouleront <strong>du 13 f\u00e9vrier au 28 f\u00e9vrier 2021<\/strong> sur le th\u00e8me&nbsp;<strong>\u00ab&nbsp;Oxymore<\/strong>\u00a0\u00bb avec comme invit\u00e9e d\u2019honneur cette ann\u00e9e la photographe Christiane Sint\u00e8s &#8211; <a rel=\"noreferrer noopener\" href=\"http:\/\/christianesintes.com\" target=\"_blank\">http:\/\/christianesintes.com<\/a> &#8211; qui pr\u00e9sentera une des s\u00e9ries issue de son travail mati\u00e8re d&rsquo;absence, aux c\u00f4t\u00e9s de photographes amateurs et professionnels s\u00e9lectionn\u00e9s sur dossier.<\/p>\n\n\n\n<p>Pour participer et avoir une chance d\u2019exposer dans le superbe lieu que sont les Salles vout\u00e9es de la Mairie de Cassis, vous avez&nbsp;<strong>jusqu\u2019au 15 janvier 2021<\/strong>&nbsp;<strong>minuit<\/strong>&nbsp;pour&nbsp;<strong>envoyer votre dossier au secr\u00e9tariat de notre association Caf\u00e9 Photo Marseille (CPM)<\/strong>&nbsp;uniquement par mail \u00e0 :&nbsp;<strong>cafephotomarseille@gmail.com<\/strong><\/p>\n\n\n\n<p>Le jury se r\u00e9unira sous huitaine pour une annonce des r\u00e9sultats aux artistes s\u00e9lectionn\u00e9s aux alentours du 22 janvier 2021.<\/p>\n\n\n\n<p>Toutes les modalit\u00e9s de participation (r\u00e8glement, constitution du dossier de participation) sont dans l\u2019appel \u00e0 participation que vous pouvez d\u00e8s \u00e0 pr\u00e9sent t\u00e9l\u00e9charger ici<strong> : <a href=\"https:\/\/www.cafephotomarseille.org\/wp-content\/uploads\/2020\/12\/2021-Appel-a-participation-Rencontres-Cassis.pdf\" target=\"_blank\" rel=\"noreferrer noopener\">appel \u00e0 participation RENCONTRES PHOTOGRAPHIQUES DE CASSIS 2021 \/ OXYMORE<\/a><\/strong><\/p>\n\n\n\n<p>A noter que le pr\u00e9sent appel \u00e0 participation est ouvert aux adh\u00e9rents de l\u2019association CPM et aux ext\u00e9rieurs, donc n\u2019h\u00e9sitez pas \u00e0 en parler \u00e0 vos connaissances du monde photographique. <\/p>\n\n\n\n<p><em>Selon le contexte sanitaire au mois de f\u00e9vrier, l&rsquo;association H2ARTS se laisse le droit de reporter ou annuler le pr\u00e9sent appel \u00e0 participation.<\/em><\/p>\n","protected":false},"excerpt":{"rendered":"<p>Nous sommes au regret d&rsquo;annoncer que ce RDV pr\u00e9vu en f\u00e9vrier est annul\u00e9 \u00e0 la demande de notre partenaire l&rsquo;association H2Arts et report\u00e9 \u00e0 une date ult\u00e9rieure. Pour la 7\u00e8me ann\u00e9e cons\u00e9cutive, l&rsquo;association Caf\u00e9 Photo Marseille est co-organisatrice de l&rsquo;\u00e9dition des Rencontres photographiques de Cassis propos\u00e9es par l&rsquo;association H2Arts, en partenariat avec la ville de &hellip; <\/p>\n<p class=\"link-more\"><a href=\"https:\/\/www.cafephotomarseille.org\/?p=3050\" class=\"more-link\">Lire la suite de<span class=\"screen-reader-text\">\u00ab\u00a0ANNULATION \/\/\/\/ 7\u00e8me rencontres photographiques de Cassis \/\/\/\u00a0\u00bb<\/span><\/a><\/p>\n","protected":false},"author":1,"featured_media":0,"comment_status":"closed","ping_status":"closed","sticky":false,"template":"","format":"standard","meta":{"footnotes":""},"categories":[6,65],"tags":[],"class_list":["post-3050","post","type-post","status-publish","format-standard","hentry","category-agenda","category-projets"],"featured_media_urls":[],"_links":{"self":[{"href":"https:\/\/www.cafephotomarseille.org\/index.php?rest_route=\/wp\/v2\/posts\/3050","targetHints":{"allow":["GET"]}}],"collection":[{"href":"https:\/\/www.cafephotomarseille.org\/index.php?rest_route=\/wp\/v2\/posts"}],"about":[{"href":"https:\/\/www.cafephotomarseille.org\/index.php?rest_route=\/wp\/v2\/types\/post"}],"author":[{"embeddable":true,"href":"https:\/\/www.cafephotomarseille.org\/index.php?rest_route=\/wp\/v2\/users\/1"}],"replies":[{"embeddable":true,"href":"https:\/\/www.cafephotomarseille.org\/index.php?rest_route=%2Fwp%2Fv2%2Fcomments&post=3050"}],"version-history":[{"count":5,"href":"https:\/\/www.cafephotomarseille.org\/index.php?rest_route=\/wp\/v2\/posts\/3050\/revisions"}],"predecessor-version":[{"id":3060,"href":"https:\/\/www.cafephotomarseille.org\/index.php?rest_route=\/wp\/v2\/posts\/3050\/revisions\/3060"}],"wp:attachment":[{"href":"https:\/\/www.cafephotomarseille.org\/index.php?rest_route=%2Fwp%2Fv2%2Fmedia&parent=3050"}],"wp:term":[{"taxonomy":"category","embeddable":true,"href":"https:\/\/www.cafephotomarseille.org\/index.php?rest_route=%2Fwp%2Fv2%2Fcategories&post=3050"},{"taxonomy":"post_tag","embeddable":true,"href":"https:\/\/www.cafephotomarseille.org\/index.php?rest_route=%2Fwp%2Fv2%2Ftags&post=3050"}],"curies":[{"name":"wp","href":"https:\/\/api.w.org\/{rel}","templated":true}]}}