{"id":3038,"date":"2020-11-22T14:01:36","date_gmt":"2020-11-22T14:01:36","guid":{"rendered":"http:\/\/www.cafephotomarseille.org\/?p=3038"},"modified":"2020-11-22T14:04:15","modified_gmt":"2020-11-22T14:04:15","slug":"vernissage-virtuel-pour-les-expos-photos-du-cpm","status":"publish","type":"post","link":"https:\/\/www.cafephotomarseille.org\/?p=3038","title":{"rendered":"Vernissage VIRTUEL pour les expos photos du CPM"},"content":{"rendered":"\n<figure class=\"wp-block-image size-large is-resized\"><img fetchpriority=\"high\" decoding=\"async\" src=\"https:\/\/www.cafephotomarseille.org\/wp-content\/uploads\/2020\/11\/FLYER-EXPOS-VIRTUELLES-2020-v2-494x257.jpg\" alt=\"\" class=\"wp-image-3036\" width=\"584\" height=\"304\" srcset=\"https:\/\/www.cafephotomarseille.org\/wp-content\/uploads\/2020\/11\/FLYER-EXPOS-VIRTUELLES-2020-v2-494x257.jpg 494w, https:\/\/www.cafephotomarseille.org\/wp-content\/uploads\/2020\/11\/FLYER-EXPOS-VIRTUELLES-2020-v2-288x150.jpg 288w, https:\/\/www.cafephotomarseille.org\/wp-content\/uploads\/2020\/11\/FLYER-EXPOS-VIRTUELLES-2020-v2-768x399.jpg 768w, https:\/\/www.cafephotomarseille.org\/wp-content\/uploads\/2020\/11\/FLYER-EXPOS-VIRTUELLES-2020-v2-1536x799.jpg 1536w, https:\/\/www.cafephotomarseille.org\/wp-content\/uploads\/2020\/11\/FLYER-EXPOS-VIRTUELLES-2020-v2-2048x1065.jpg 2048w, https:\/\/www.cafephotomarseille.org\/wp-content\/uploads\/2020\/11\/FLYER-EXPOS-VIRTUELLES-2020-v2-207x108.jpg 207w\" sizes=\"(max-width: 584px) 100vw, 584px\" \/><\/figure>\n\n\n\n<p>Nous vous convions \u00e0 un vernissage virtuel samedi 28 novembre \u00e0 18H30 via l&rsquo;application ZOOM. Pour vous connecter, suivez le lien ci-dessous.&nbsp;<\/p>\n\n\n\n<p><strong>Participer \u00e0 la r\u00e9union Zoom :<\/strong><\/p>\n\n\n\n<p><a href=\"https:\/\/us02web.zoom.us\/j\/88348906758?pwd=NFJlQkFlVjV5aDRmQkVUaG8wMGZxQT09\">https:\/\/us02web.zoom.us\/j\/88348906758?pwd=NFJlQkFlVjV5aDRmQkVUaG8wMGZxQT09<\/a><\/p>\n\n\n\n<p><strong>ID de r\u00e9union&nbsp;: <\/strong>883 4890 6758<\/p>\n\n\n\n<p><strong>Code secret&nbsp;:<\/strong> 535608<\/p>\n\n\n\n<p>Sur place, et de chez vous, vous rejoindrez l\u2019\u00e9v\u00e9nement afin de d\u00e9couvrir la projection partag\u00e9e (en musique) des travaux des adh\u00e9rents photographes de l&rsquo;association. Pas de s\u00e9lection, mais deux th\u00e8mes impos\u00e9s \u00e0 travailler en s\u00e9ries de 5 \u00e0 7 images : \u00ab&nbsp;Fen\u00eatre sur&nbsp;\u00bb et \u00ab&nbsp;Introspection&nbsp;\u00bb.<\/p>\n\n\n\n<p>Entre les deux th\u00e8mes, une pause sera am\u00e9nag\u00e9e pour pouvoir poser vos \u00e9ventuelles questions aux auteurs sur leur travail comme cela aurait pu se passer dans le r\u00e9el !<\/p>\n\n\n\n<p>Notre association photographique, le Caf\u00e9 Photo Marseille (CPM), comme bon nombre d&rsquo;acteurs du monde culturel, s&rsquo;adapte depuis le d\u00e9but de la crise, avec des rdv en Visio pour nos adh\u00e9rents et sympathisants, des quizz Photo partag\u00e9s&#8230; Victimes comme beaucoup du confinement qui nous emp\u00eache actuellement de pouvoir faire notre grande exposition collective au 3013 (report\u00e9e \u00e0 ce jour \u00e0 mars 2021), nous mettons en place des solutions pour permettre \u00e0&nbsp; la culture de vivre et au partage de se poursuivre, m\u00eame en cette p\u00e9riode propice \u00e0 l\u2019isolement.<\/p>\n\n\n\n<p>Nous comptons sur vous pour nous rejoindre \u00e0 ce vernissage, partager et \u00e9changer autour des photographies des photographes pr\u00e9sents, dans des styles tr\u00e8s \u00e9clectiques.<\/p>\n\n\n\n<p><strong>Les photographes participants :<\/strong>&nbsp; <em>BAB Daniel &#8211; BAUNEZ Christelle &#8211; CORDESSE Marino &#8211; COULON Genevi\u00e8ve &#8211; DOEHR Estelle &#8211; GIRAUD Alain &#8211; GOTTI Sophie &#8211; HOUSSIN Philippe &#8211; HUREL Carole &#8211; JORIS Marine &#8211; MURRE Michelle &#8211; NOBLE Manuela &#8211; OBJAR Paul-Emile &#8211; POIROTTE Anne &#8211; POMMIER Julia &#8211; RANISIO Sergio &#8211; SANTUCCI Jean-Jacques &#8211; TETAERT Evelyne &#8211; THEODORE Gilles &#8211; VALLADIER Jean-Marc &#8211; VEDEL Fernande &#8211; WERCK Marie<\/em><br><\/p>\n","protected":false},"excerpt":{"rendered":"<p>Nous vous convions \u00e0 un vernissage virtuel samedi 28 novembre \u00e0 18H30 via l&rsquo;application ZOOM. Pour vous connecter, suivez le lien ci-dessous.&nbsp; Participer \u00e0 la r\u00e9union Zoom : https:\/\/us02web.zoom.us\/j\/88348906758?pwd=NFJlQkFlVjV5aDRmQkVUaG8wMGZxQT09 ID de r\u00e9union&nbsp;: 883 4890 6758 Code secret&nbsp;: 535608 Sur place, et de chez vous, vous rejoindrez l\u2019\u00e9v\u00e9nement afin de d\u00e9couvrir la projection partag\u00e9e (en musique) &hellip; <\/p>\n<p class=\"link-more\"><a href=\"https:\/\/www.cafephotomarseille.org\/?p=3038\" class=\"more-link\">Lire la suite de<span class=\"screen-reader-text\">\u00ab\u00a0Vernissage VIRTUEL pour les expos photos du CPM\u00a0\u00bb<\/span><\/a><\/p>\n","protected":false},"author":1,"featured_media":0,"comment_status":"closed","ping_status":"closed","sticky":false,"template":"","format":"standard","meta":{"footnotes":""},"categories":[6],"tags":[],"class_list":["post-3038","post","type-post","status-publish","format-standard","hentry","category-agenda"],"featured_media_urls":[],"_links":{"self":[{"href":"https:\/\/www.cafephotomarseille.org\/index.php?rest_route=\/wp\/v2\/posts\/3038","targetHints":{"allow":["GET"]}}],"collection":[{"href":"https:\/\/www.cafephotomarseille.org\/index.php?rest_route=\/wp\/v2\/posts"}],"about":[{"href":"https:\/\/www.cafephotomarseille.org\/index.php?rest_route=\/wp\/v2\/types\/post"}],"author":[{"embeddable":true,"href":"https:\/\/www.cafephotomarseille.org\/index.php?rest_route=\/wp\/v2\/users\/1"}],"replies":[{"embeddable":true,"href":"https:\/\/www.cafephotomarseille.org\/index.php?rest_route=%2Fwp%2Fv2%2Fcomments&post=3038"}],"version-history":[{"count":4,"href":"https:\/\/www.cafephotomarseille.org\/index.php?rest_route=\/wp\/v2\/posts\/3038\/revisions"}],"predecessor-version":[{"id":3042,"href":"https:\/\/www.cafephotomarseille.org\/index.php?rest_route=\/wp\/v2\/posts\/3038\/revisions\/3042"}],"wp:attachment":[{"href":"https:\/\/www.cafephotomarseille.org\/index.php?rest_route=%2Fwp%2Fv2%2Fmedia&parent=3038"}],"wp:term":[{"taxonomy":"category","embeddable":true,"href":"https:\/\/www.cafephotomarseille.org\/index.php?rest_route=%2Fwp%2Fv2%2Fcategories&post=3038"},{"taxonomy":"post_tag","embeddable":true,"href":"https:\/\/www.cafephotomarseille.org\/index.php?rest_route=%2Fwp%2Fv2%2Ftags&post=3038"}],"curies":[{"name":"wp","href":"https:\/\/api.w.org\/{rel}","templated":true}]}}