{"id":3033,"date":"2020-11-22T13:47:26","date_gmt":"2020-11-22T13:47:26","guid":{"rendered":"http:\/\/www.cafephotomarseille.org\/?p=3033"},"modified":"2020-11-22T13:47:26","modified_gmt":"2020-11-22T13:47:26","slug":"report-exposition-collective","status":"publish","type":"post","link":"https:\/\/www.cafephotomarseille.org\/?p=3033","title":{"rendered":"Report Exposition collective"},"content":{"rendered":"\n<p>En raison de la crise sanitaire et des consignes et protocoles impos\u00e9s pour y faire face, nous sommes dans l&rsquo;obligation d&rsquo;annuler et de reporter la grande exposition collective qui devait se d\u00e9rouler au 3013.<\/p>\n\n\n\n<p>Une date pr\u00e9visionnelle a \u00e9t\u00e9 fix\u00e9e \u00e0 Mars 2021, \u00e0 suivre !<\/p>\n","protected":false},"excerpt":{"rendered":"<p>En raison de la crise sanitaire et des consignes et protocoles impos\u00e9s pour y faire face, nous sommes dans l&rsquo;obligation d&rsquo;annuler et de reporter la grande exposition collective qui devait se d\u00e9rouler au 3013. Une date pr\u00e9visionnelle a \u00e9t\u00e9 fix\u00e9e \u00e0 Mars 2021, \u00e0 suivre !<\/p>\n","protected":false},"author":1,"featured_media":0,"comment_status":"closed","ping_status":"closed","sticky":false,"template":"","format":"standard","meta":{"footnotes":""},"categories":[6],"tags":[],"class_list":["post-3033","post","type-post","status-publish","format-standard","hentry","category-agenda"],"featured_media_urls":[],"_links":{"self":[{"href":"https:\/\/www.cafephotomarseille.org\/index.php?rest_route=\/wp\/v2\/posts\/3033","targetHints":{"allow":["GET"]}}],"collection":[{"href":"https:\/\/www.cafephotomarseille.org\/index.php?rest_route=\/wp\/v2\/posts"}],"about":[{"href":"https:\/\/www.cafephotomarseille.org\/index.php?rest_route=\/wp\/v2\/types\/post"}],"author":[{"embeddable":true,"href":"https:\/\/www.cafephotomarseille.org\/index.php?rest_route=\/wp\/v2\/users\/1"}],"replies":[{"embeddable":true,"href":"https:\/\/www.cafephotomarseille.org\/index.php?rest_route=%2Fwp%2Fv2%2Fcomments&post=3033"}],"version-history":[{"count":1,"href":"https:\/\/www.cafephotomarseille.org\/index.php?rest_route=\/wp\/v2\/posts\/3033\/revisions"}],"predecessor-version":[{"id":3034,"href":"https:\/\/www.cafephotomarseille.org\/index.php?rest_route=\/wp\/v2\/posts\/3033\/revisions\/3034"}],"wp:attachment":[{"href":"https:\/\/www.cafephotomarseille.org\/index.php?rest_route=%2Fwp%2Fv2%2Fmedia&parent=3033"}],"wp:term":[{"taxonomy":"category","embeddable":true,"href":"https:\/\/www.cafephotomarseille.org\/index.php?rest_route=%2Fwp%2Fv2%2Fcategories&post=3033"},{"taxonomy":"post_tag","embeddable":true,"href":"https:\/\/www.cafephotomarseille.org\/index.php?rest_route=%2Fwp%2Fv2%2Ftags&post=3033"}],"curies":[{"name":"wp","href":"https:\/\/api.w.org\/{rel}","templated":true}]}}