{"id":3029,"date":"2020-09-12T07:57:15","date_gmt":"2020-09-12T07:57:15","guid":{"rendered":"http:\/\/www.cafephotomarseille.org\/?p=3029"},"modified":"2020-09-12T08:03:05","modified_gmt":"2020-09-12T08:03:05","slug":"les-expos-preparation","status":"publish","type":"post","link":"https:\/\/www.cafephotomarseille.org\/?p=3029","title":{"rendered":"Les EXPOS, pr\u00e9paration"},"content":{"rendered":"\n<p>Vous \u00eates 58 \u00e0 avoir r\u00e9pondu pr\u00e9sent.e.s aux appels \u00e0 projet et nous vous en remercions ! <\/p>\n\n\n\n<p><strong>Les 58 photographes exposants :&nbsp;<\/strong><br>ALLIO A. &#8211;&nbsp; ANDRE V. &#8211; ARONS S. &#8211; ASSUIED J. &#8211; BAB D. <br> BAUNEZ C. &#8211; BOUSQUET P. &#8211; BRUNO B. &#8211; CARRARA D. &#8211; CASSARA J. <br> CORDESSE M. &#8211; CORDONE B. &#8211; CORIZZI C. &#8211; COULON G. <br> COULON M. &#8211; DAVADIE C. &#8211; DEBIENNE JF &#8211; DEGIOVANI R.<br> DOEHR E. &#8211; DUBOIS JL &#8211; DUPRAT J. &#8211; FABRE D. &#8211; GIRAUD A. <br> GOTTI S. &#8211; GUERRINI P. &#8211; HEIERMANN V. &#8211; HOUSSIN P. &#8211; HUREL C.<br> LEELOO S. &#8211; MANUEL B. &#8211; MARCHISIO G. &#8211; MISTRAL C. &#8211; MONDET G.<br> MONTALBANO M. &#8211; MURRE M. &#8211; NITIMIHARDJO A. &#8211; NOBLE M.<br> NOGUES JP &#8211; OBEDIA B. &#8211; OBJAR PE &#8211; OLIVER F. &#8211; OLLIVE V. <br> PAUL C. &#8211; PIERART E. &#8211; POINTON T. &#8211; POIROTTE A. &#8211; POMMIER J.<br> ROCHEDY M. &#8211; SANCHIS JC &#8211; SANTUCCI JJ &#8211; SIMON-THEVAND AC<br> SUBRINI A. &#8211; TETAERT E. &#8211; THEODORE G. &#8211; VALLADIER JM &#8211; VEDEL F.<br> WATELLIER A. &#8211; WERCK M.<\/p>\n\n\n\n<p><em>Pour l&rsquo;exposition en tirages MINIMALISTE, voici les d\u00e9cisions qui ont \u00e9t\u00e9 prises par le bureau de l&rsquo;association compte tenu du nombre de participants ET des conditions sanitaires qui s&rsquo;imposent \u00e0 nous dans le contexte actuel afin de pouvoir maintenir les expositions.<\/em><\/p>\n\n\n\n<p><strong>Les FORMATS et SUPPORTS&nbsp;:<\/strong><br>&#8211; Format final : <strong>20X30cm ou 30cm dans la plus grand largeur <\/strong>(si format panoramique par exemple) ! Donc les carr\u00e9s seront en 30X30cm<br>&#8211; <strong>Impression plein format<\/strong> avec ou sans marges. Mais nous conseillons sans marge du fait du format plus r\u00e9duit des tirages cette ann\u00e9e.<br>&#8211; <strong>Supports de type rigide EXCLUSIVEMENT<\/strong> : Pvc \/ Dibond \/ Carton plume \/ Bois \/ Carton alv\u00e9olaire&#8230; Impression directe sur support ou photo contre-coll\u00e9e dessus.<br><strong>&#8211; SANS ATTACHE A L&rsquo;ARRIERE<\/strong> : elles seront en d\u00e9finitive fournies par l&rsquo;association CPM et pos\u00e9es sur les tirages lors de l&rsquo;accrochage.<\/p>\n\n\n\n<p><strong>Pour rappel sont exclus :<\/strong> les supports souples de type b\u00e2ches,  les toiles mont\u00e9es ou non-mont\u00e9es sur ch\u00e2ssis, papier non contrecoll\u00e9 sur support rigide, ainsi que les photos pr\u00e9sent\u00e9es dans des cadres, avec ou sans vitre, avec ou sans passe-partout.  Le tirage doit \u00eatre imprim\u00e9 ou contre-coll\u00e9 sur le support rigide directement. <\/p>\n\n\n\n<p><strong>SCENOGRAPHIE<\/strong> <br>Cette ann\u00e9e, les tirages seront tous accroch\u00e9s verticalement par 3. Un syst\u00e8me d&rsquo;accrochage par Tasso\/lame de bois pour chaque exposant sera mis en place par les gentils adh\u00e9rents volontaires qui participeront \u00e0 l&rsquo;accrochage (merci \u00e0 eux).<br><strong>Les attaches PENDO seront fournies par l&rsquo;association<\/strong> et pos\u00e9es directement au moment de l&rsquo;accrochage pour l&rsquo;ensemble des tirages.<\/p>\n\n\n\n<p><strong>D\u00e9p\u00f4t des TIRAGES pour l&rsquo;accrochage<\/strong><br>Nous \u00e9tudions plusieurs solutions \u00e0 ce jour pour qu&rsquo;un maximum de tirages soient d\u00e9pos\u00e9s en amont du d\u00e9but de l&rsquo;accrochage (le 13 octobre). Dans tous les cas, les tirages devront tous nous \u00eatre d\u00e9pos\u00e9s <strong>au plus tard le mercredi 14 OCTOBRE sur place, au 3013.<\/strong><\/p>\n\n\n\n<p><strong>De nombreux temps forts ont \u00e9t\u00e9 maintenus en jauge limit\u00e9e<\/strong> : ateliers, conf\u00e9rence, safari photo, caf\u00e9 photo hors les murs&#8230;<br><br><strong>Le port du masque est obligatoire et du gel hydroalcoolique<\/strong> sera mis \u00e0 disposition sur plusieurs points lors de l&rsquo;exposition.<br><br>Du fait des protocoles sanitaires, <strong>il nous \u00e9tait impossible de maintenir le traditionnel vernissage avec buffet dans l&rsquo;enceinte du 3013<\/strong>. Mais une soir\u00e9e d\u00e9di\u00e9e aux exposants est \u00e0 la r\u00e9flexion moyennant la mise en place d&rsquo;un protocole sp\u00e9cifique.<br><br><strong>Le flyer avec le programme d\u00e9taill\u00e9 des temps forts sera publi\u00e9 ICI d\u00e8s la semaine prochaine<\/strong>, revenez nous voir \ud83d\ude42<\/p>\n\n\n\n<p><\/p>\n\n\n\n<p><\/p>\n\n\n\n<p><\/p>\n","protected":false},"excerpt":{"rendered":"<p>Vous \u00eates 58 \u00e0 avoir r\u00e9pondu pr\u00e9sent.e.s aux appels \u00e0 projet et nous vous en remercions ! Les 58 photographes exposants :&nbsp;ALLIO A. &#8211;&nbsp; ANDRE V. &#8211; ARONS S. &#8211; ASSUIED J. &#8211; BAB D. BAUNEZ C. &#8211; BOUSQUET P. &#8211; BRUNO B. &#8211; CARRARA D. &#8211; CASSARA J. CORDESSE M. &#8211; CORDONE B. &#8211; &hellip; <\/p>\n<p class=\"link-more\"><a href=\"https:\/\/www.cafephotomarseille.org\/?p=3029\" class=\"more-link\">Lire la suite de<span class=\"screen-reader-text\">\u00ab\u00a0Les EXPOS, pr\u00e9paration\u00a0\u00bb<\/span><\/a><\/p>\n","protected":false},"author":1,"featured_media":0,"comment_status":"closed","ping_status":"closed","sticky":false,"template":"","format":"standard","meta":{"footnotes":""},"categories":[6],"tags":[],"class_list":["post-3029","post","type-post","status-publish","format-standard","hentry","category-agenda"],"featured_media_urls":[],"_links":{"self":[{"href":"https:\/\/www.cafephotomarseille.org\/index.php?rest_route=\/wp\/v2\/posts\/3029","targetHints":{"allow":["GET"]}}],"collection":[{"href":"https:\/\/www.cafephotomarseille.org\/index.php?rest_route=\/wp\/v2\/posts"}],"about":[{"href":"https:\/\/www.cafephotomarseille.org\/index.php?rest_route=\/wp\/v2\/types\/post"}],"author":[{"embeddable":true,"href":"https:\/\/www.cafephotomarseille.org\/index.php?rest_route=\/wp\/v2\/users\/1"}],"replies":[{"embeddable":true,"href":"https:\/\/www.cafephotomarseille.org\/index.php?rest_route=%2Fwp%2Fv2%2Fcomments&post=3029"}],"version-history":[{"count":3,"href":"https:\/\/www.cafephotomarseille.org\/index.php?rest_route=\/wp\/v2\/posts\/3029\/revisions"}],"predecessor-version":[{"id":3032,"href":"https:\/\/www.cafephotomarseille.org\/index.php?rest_route=\/wp\/v2\/posts\/3029\/revisions\/3032"}],"wp:attachment":[{"href":"https:\/\/www.cafephotomarseille.org\/index.php?rest_route=%2Fwp%2Fv2%2Fmedia&parent=3029"}],"wp:term":[{"taxonomy":"category","embeddable":true,"href":"https:\/\/www.cafephotomarseille.org\/index.php?rest_route=%2Fwp%2Fv2%2Fcategories&post=3029"},{"taxonomy":"post_tag","embeddable":true,"href":"https:\/\/www.cafephotomarseille.org\/index.php?rest_route=%2Fwp%2Fv2%2Ftags&post=3029"}],"curies":[{"name":"wp","href":"https:\/\/api.w.org\/{rel}","templated":true}]}}