{"id":2966,"date":"2019-08-27T13:35:56","date_gmt":"2019-08-27T13:35:56","guid":{"rendered":"http:\/\/www.cafephotomarseille.org\/?p=2966"},"modified":"2019-08-27T13:35:56","modified_gmt":"2019-08-27T13:35:56","slug":"cest-la-rentree-driiinngggg","status":"publish","type":"post","link":"https:\/\/www.cafephotomarseille.org\/?p=2966","title":{"rendered":"C&rsquo;est la rentr\u00e9e ! Driiinngggg"},"content":{"rendered":"\n<p class=\"has-drop-cap\">Rdv samedi 31 ao\u00fbt d\u00e8s 9h30 pour le rdv caf\u00e9 photo de rentr\u00e9e. Amenez tirages, essais, livres photos et vos plus beaux sourires, on vous offre le caf\u00e9 en retour \ud83d\ude09<br>Rdv Foyer des Jeunes Travailleurs la Claire Maison &#8211; 286 avenue de Mazargues 13008 MARSEILLE (face \u00e0 Saint Maclou)<\/p>\n","protected":false},"excerpt":{"rendered":"<p>Rdv samedi 31 ao\u00fbt d\u00e8s 9h30 pour le rdv caf\u00e9 photo de rentr\u00e9e. Amenez tirages, essais, livres photos et vos plus beaux sourires, on vous offre le caf\u00e9 en retour \ud83d\ude09Rdv Foyer des Jeunes Travailleurs la Claire Maison &#8211; 286 avenue de Mazargues 13008 MARSEILLE (face \u00e0 Saint Maclou)<\/p>\n","protected":false},"author":1,"featured_media":0,"comment_status":"closed","ping_status":"closed","sticky":false,"template":"","format":"standard","meta":{"footnotes":""},"categories":[6],"tags":[],"class_list":["post-2966","post","type-post","status-publish","format-standard","hentry","category-agenda"],"featured_media_urls":[],"_links":{"self":[{"href":"https:\/\/www.cafephotomarseille.org\/index.php?rest_route=\/wp\/v2\/posts\/2966","targetHints":{"allow":["GET"]}}],"collection":[{"href":"https:\/\/www.cafephotomarseille.org\/index.php?rest_route=\/wp\/v2\/posts"}],"about":[{"href":"https:\/\/www.cafephotomarseille.org\/index.php?rest_route=\/wp\/v2\/types\/post"}],"author":[{"embeddable":true,"href":"https:\/\/www.cafephotomarseille.org\/index.php?rest_route=\/wp\/v2\/users\/1"}],"replies":[{"embeddable":true,"href":"https:\/\/www.cafephotomarseille.org\/index.php?rest_route=%2Fwp%2Fv2%2Fcomments&post=2966"}],"version-history":[{"count":1,"href":"https:\/\/www.cafephotomarseille.org\/index.php?rest_route=\/wp\/v2\/posts\/2966\/revisions"}],"predecessor-version":[{"id":2967,"href":"https:\/\/www.cafephotomarseille.org\/index.php?rest_route=\/wp\/v2\/posts\/2966\/revisions\/2967"}],"wp:attachment":[{"href":"https:\/\/www.cafephotomarseille.org\/index.php?rest_route=%2Fwp%2Fv2%2Fmedia&parent=2966"}],"wp:term":[{"taxonomy":"category","embeddable":true,"href":"https:\/\/www.cafephotomarseille.org\/index.php?rest_route=%2Fwp%2Fv2%2Fcategories&post=2966"},{"taxonomy":"post_tag","embeddable":true,"href":"https:\/\/www.cafephotomarseille.org\/index.php?rest_route=%2Fwp%2Fv2%2Ftags&post=2966"}],"curies":[{"name":"wp","href":"https:\/\/api.w.org\/{rel}","templated":true}]}}