{"id":2818,"date":"2018-04-08T08:30:33","date_gmt":"2018-04-08T08:30:33","guid":{"rendered":"http:\/\/www.cafephotomarseille.org\/?p=2818"},"modified":"2018-04-08T08:37:18","modified_gmt":"2018-04-08T08:37:18","slug":"appel-a-participation-pour-les-10-ans-du-cafe-photo-marseille","status":"publish","type":"post","link":"https:\/\/www.cafephotomarseille.org\/?p=2818","title":{"rendered":"Appel \u00e0 participation pour les 10 ans du Caf\u00e9 Photo Marseille"},"content":{"rendered":"<p><a href=\"https:\/\/www.cafephotomarseille.org\/wp-content\/uploads\/2018\/04\/visuel-appel-\u00e0-participation.jpg\"><img fetchpriority=\"high\" decoding=\"async\" class=\"wp-image-2822 size-medium alignleft\" src=\"https:\/\/www.cafephotomarseille.org\/wp-content\/uploads\/2018\/04\/visuel-appel-\u00e0-participation-239x288.jpg\" alt=\"\" width=\"239\" height=\"288\" srcset=\"https:\/\/www.cafephotomarseille.org\/wp-content\/uploads\/2018\/04\/visuel-appel-\u00e0-participation-239x288.jpg 239w, https:\/\/www.cafephotomarseille.org\/wp-content\/uploads\/2018\/04\/visuel-appel-\u00e0-participation-410x494.jpg 410w, https:\/\/www.cafephotomarseille.org\/wp-content\/uploads\/2018\/04\/visuel-appel-\u00e0-participation.jpg 706w\" sizes=\"(max-width: 239px) 100vw, 239px\" \/><\/a><\/p>\n<p>A l&rsquo;occasion de l&rsquo;Assembl\u00e9e G\u00e9n\u00e9rale a \u00e9t\u00e9 d\u00e9voil\u00e9 le r\u00e8glement de l&rsquo;appel \u00e0 participation pour les 10 ans du Caf\u00e9 photo Marseille (CPM) qui donnera lieu \u00e0 une grande exposition au 3013 du 6 au 27 octobre 2018.<br \/>\nCette exposition prendra la forme d&rsquo;une grande cha\u00eene photographique entre les adh\u00e9rents autour de la phrase \u00ab\u00a0Il faut aimer la solitude pour \u00eatre photographe\u00a0\u00bb de Raymond Depardon (si tu nous lis).<br \/>\n<strong>Votre r\u00e9f\u00e9rente sur ce projet est Sophie<\/strong>, la pr\u00e9sidente de l&rsquo;association.<br \/>\n&gt;&gt; <strong>Le principe<\/strong> : en vous inscrivant aupr\u00e8s du secr\u00e9tariat &#8211; <strong>cafephotomarseille@gmail.com<\/strong> &#8211; une lettre ou un e<span class=\"text_exposed_show\">space de cette phrase vous sera attribu\u00e9 (afin de la reconstituer avec toutes les photos au final).<br \/>\n<\/span><span class=\"text_exposed_show\">&gt;&gt; <strong>Le mat\u00e9riel<\/strong> : afin de penser diff\u00e9remment et de vous soustraire de la technique et d\u00e9velopper votre cr\u00e9ativit\u00e9, l&rsquo;appareil qui vous sera remis est un appareil photo argentique jetable ILFORD NB 400 ASA. Nous testons actuellement le rendu&#8230;<br \/>\n&gt;&gt; <strong>L&rsquo;organisation :<\/strong>\u00a0d\u00e9but mai, 4 groupes seront form\u00e9s autour d&rsquo;un r\u00e9f\u00e9rent &#8211; Carole, Marino, V\u00e9ronique et Daniel &#8211; qui aura la charge de suivre le groupe et faire passer l&rsquo;appareil photo de mains en mains. Chacun pourra prendre ensuite 2 photos mettant en sc\u00e8ne sa lettre (en premier plan, arri\u00e8re plan, cr\u00e9\u00e9e pour l&rsquo;occasion ou simplement visible sur un mur dans la rue etc&#8230; imaginez !). Les organisateurs choisiront une photo parmi ces deux photos pour l&rsquo;exposer.<br \/>\n<\/span><span class=\"text_exposed_show\">&gt;&gt;<strong> L&rsquo;exposition :<\/strong> les films argentiques issus de cette cha\u00eene photographique seront ensuite d\u00e9velopp\u00e9s par Pascal, scann\u00e9s et les photos tir\u00e9es sur papier (format, support d\u00e9finis par les organisateurs).<br \/>\n<strong>&gt;&gt; Les Frais :<\/strong> tous les frais d&rsquo;exposition (tirages, location du lieu) seront support\u00e9s par l&rsquo;association \u00e0 l&rsquo;occasion des 10 ans. Alors, il vous suffit juste de vous lancer et de participer ! Nous vous demanderons par contre de vous impliquer en donnant un peu de votre temps \u00e0 l&rsquo;association que cela soit dans l&rsquo;accrochage ou pour tenir des permanences.<br \/>\n<strong>En d\u00e9finitive&#8230;<\/strong> Il y aura sans doute des flous, des rat\u00e9s, mais le principe est surtout de s&rsquo;amuser et de partager tous ensemble quelque chose de nouveau et de diff\u00e9rent autour de la photo, \u00e0 l&rsquo;image du collectif Caf\u00e9 Photo depuis 10 ans. L&rsquo;objectif est de pr\u00e9senter un travail collectif avec chacun de vos regards.<\/p>\n<p><strong>A NOTER :<\/strong> pour participer, il faut \u00eatre adh\u00e9rent de l&rsquo;association au moment du lancement de l&rsquo;appel \u00e0 participation (avril 2018) et lors de l&rsquo;exposition en octobre 2018 (adh\u00e9sion saison 2018\/2019).<br \/>\n<strong>Vous pouvez vous inscrire jusqu&rsquo;au 29 avril 2018 ! le nombre de places \u00e9tant limit\u00e9, ne tardez pas<\/strong> (et pour les retardataires vous pouvez vous mettre au passage \u00e0 jour de votre cotisation pour participer \ud83d\ude09<\/span><\/p>\n<p><strong>T\u00e9l\u00e9chargez le <a href=\"https:\/\/www.cafephotomarseille.org\/wp-content\/uploads\/2018\/04\/R\u00e8glement-EXPO-CPM-2018-anniversaire-des-10-ans.pdf\" target=\"_blank\" rel=\"noopener\">R\u00e8glement EXPO CPM 2018- anniversaire des 10 ans<\/a>\u00a0car en participant vous en acceptez les modalit\u00e9s<\/strong>. A noter qu&rsquo;une liste d&rsquo;attente va \u00eatre constitu\u00e9e en cas de d\u00e9sistements pendant le projet.<\/p>\n","protected":false},"excerpt":{"rendered":"<p>A l&rsquo;occasion de l&rsquo;Assembl\u00e9e G\u00e9n\u00e9rale a \u00e9t\u00e9 d\u00e9voil\u00e9 le r\u00e8glement de l&rsquo;appel \u00e0 participation pour les 10 ans du Caf\u00e9 photo Marseille (CPM) qui donnera lieu \u00e0 une grande exposition au 3013 du 6 au 27 octobre 2018. Cette exposition prendra la forme d&rsquo;une grande cha\u00eene photographique entre les adh\u00e9rents autour de la phrase \u00ab\u00a0Il &hellip; <\/p>\n<p class=\"link-more\"><a href=\"https:\/\/www.cafephotomarseille.org\/?p=2818\" class=\"more-link\">Lire la suite de<span class=\"screen-reader-text\">\u00ab\u00a0Appel \u00e0 participation pour les 10 ans du Caf\u00e9 Photo Marseille\u00a0\u00bb<\/span><\/a><\/p>\n","protected":false},"author":1,"featured_media":0,"comment_status":"closed","ping_status":"closed","sticky":false,"template":"","format":"standard","meta":{"footnotes":""},"categories":[6,65],"tags":[],"class_list":["post-2818","post","type-post","status-publish","format-standard","hentry","category-agenda","category-projets"],"featured_media_urls":[],"_links":{"self":[{"href":"https:\/\/www.cafephotomarseille.org\/index.php?rest_route=\/wp\/v2\/posts\/2818","targetHints":{"allow":["GET"]}}],"collection":[{"href":"https:\/\/www.cafephotomarseille.org\/index.php?rest_route=\/wp\/v2\/posts"}],"about":[{"href":"https:\/\/www.cafephotomarseille.org\/index.php?rest_route=\/wp\/v2\/types\/post"}],"author":[{"embeddable":true,"href":"https:\/\/www.cafephotomarseille.org\/index.php?rest_route=\/wp\/v2\/users\/1"}],"replies":[{"embeddable":true,"href":"https:\/\/www.cafephotomarseille.org\/index.php?rest_route=%2Fwp%2Fv2%2Fcomments&post=2818"}],"version-history":[{"count":5,"href":"https:\/\/www.cafephotomarseille.org\/index.php?rest_route=\/wp\/v2\/posts\/2818\/revisions"}],"predecessor-version":[{"id":2825,"href":"https:\/\/www.cafephotomarseille.org\/index.php?rest_route=\/wp\/v2\/posts\/2818\/revisions\/2825"}],"wp:attachment":[{"href":"https:\/\/www.cafephotomarseille.org\/index.php?rest_route=%2Fwp%2Fv2%2Fmedia&parent=2818"}],"wp:term":[{"taxonomy":"category","embeddable":true,"href":"https:\/\/www.cafephotomarseille.org\/index.php?rest_route=%2Fwp%2Fv2%2Fcategories&post=2818"},{"taxonomy":"post_tag","embeddable":true,"href":"https:\/\/www.cafephotomarseille.org\/index.php?rest_route=%2Fwp%2Fv2%2Ftags&post=2818"}],"curies":[{"name":"wp","href":"https:\/\/api.w.org\/{rel}","templated":true}]}}