{"id":2785,"date":"2017-06-12T19:22:17","date_gmt":"2017-06-12T19:22:17","guid":{"rendered":"http:\/\/www.cafephotomarseille.org\/?p=2785"},"modified":"2017-06-12T19:22:17","modified_gmt":"2017-06-12T19:22:17","slug":"appel-a-participation-expo-collective-cpm-2017","status":"publish","type":"post","link":"https:\/\/www.cafephotomarseille.org\/?p=2785","title":{"rendered":"APPEL A PARTICIPATION \/\/\/ EXPO COLLECTIVE CPM 2017"},"content":{"rendered":"<p><a href=\"https:\/\/www.cafephotomarseille.org\/wp-content\/uploads\/2015\/04\/I-LOVE-CPMv31.png\" rel=\"attachment wp-att-2417\"><img decoding=\"async\" class=\"alignleft size-full wp-image-2417\" src=\"https:\/\/www.cafephotomarseille.org\/wp-content\/uploads\/2015\/04\/I-LOVE-CPMv31.png\" alt=\"PageLines- I-LOVE-CPMv31.png\" width=\"255\" height=\"101\" \/><\/a>Suite au travail collaboratif men\u00e9 en groupe de travail CPM, l&rsquo;exposition collective 2017 de l&rsquo;association Caf\u00e9 Photo Marseille (CPM) \u00e9volue quelque peu. Le th\u00e8me retenu cette ann\u00e9e est : <strong>Intimit\u00e9s<\/strong>. Nous vous invitons \u00e0 t\u00e9l\u00e9charger ci-dessous le r\u00e8glement de l&rsquo;appel \u00e0 participation 2017 pour bien en comprendre les modalit\u00e9s. Votre participation vaut acceptation.<\/p>\n<p><a href=\"https:\/\/www.cafephotomarseille.org\/wp-content\/uploads\/2013\/04\/icone_pdf.png\" rel=\"attachment wp-att-2074\"><img decoding=\"async\" class=\"alignleft size-full wp-image-2074\" src=\"https:\/\/www.cafephotomarseille.org\/wp-content\/uploads\/2013\/04\/icone_pdf.png\" alt=\"icone_pdf\" width=\"50\" height=\"50\" \/><\/a><a href=\"https:\/\/www.cafephotomarseille.org\/wp-content\/uploads\/2017\/06\/Re\u0300glement-appel-\u00e0-projet-EXPO-CPM-2017.pdf\" rel=\"\">Re\u0300glement appel \u00e0 projet EXPO CPM 2017<\/a><\/p>\n<p>&nbsp;<\/p>\n<p>Limite de retour des photos par mail fix\u00e9e au <strong>dimanche 10 septembre 2017 minuit<\/strong>.<br \/>\nEtant donn\u00e9 que\u00a0mal de choses ont chang\u00e9 par rapport aux \u00e9ditions pr\u00e9c\u00e9dents (formats, nombre de photos et tirages),n&rsquo;h\u00e9sitez pas \u00e0 nous contacter sur <strong>cafephotomarseille@gmail.com<\/strong> pour toutes questions utiles !<\/p>\n<p>Un bel \u00e9t\u00e9 \u00e0 tous \ud83d\ude42<\/p>\n<p><strong><span style=\"color: #ff0000;\">\/\/\/ Attention ! cet appel \u00e0 participation est r\u00e9serv\u00e9 aux adh\u00e9rents \u00e0 jour de leur cotisation de la saison 2017\/2018. Les adh\u00e9sions seront ouvertes au 1er septembre 2017. Pour pouvoir exposer, il faudra \u00eatre \u00e0 jour de sa cotisation annuelle d&rsquo;ici le d\u00e9but de\u00a0l&rsquo;exposition \/\/\/\/<\/span><\/strong><\/p>\n<p>Afin de vous aider dans la r\u00e9alisation de vos tirages, Marino a pr\u00e9par\u00e9 un super tableau comparatif afin de vous donner des pistes pour les faire r\u00e9aliser\u00a0:<\/p>\n<p><a href=\"https:\/\/www.cafephotomarseille.org\/wp-content\/uploads\/2013\/04\/icone_pdf.png\" rel=\"attachment wp-att-2074\"><img decoding=\"async\" class=\"size-full wp-image-2074\" src=\"https:\/\/www.cafephotomarseille.org\/wp-content\/uploads\/2013\/04\/icone_pdf.png\" alt=\"icone_pdf\" width=\"50\" height=\"50\" \/><\/a><a href=\"https:\/\/www.cafephotomarseille.org\/wp-content\/uploads\/2017\/06\/TABLEAU-COMPARATIF-TIRAGES.pdf\" rel=\"\">TABLEAU COMPARATIF TIRAGES<\/a><\/p>\n","protected":false},"excerpt":{"rendered":"<p>Suite au travail collaboratif men\u00e9 en groupe de travail CPM, l&rsquo;exposition collective 2017 de l&rsquo;association Caf\u00e9 Photo Marseille (CPM) \u00e9volue quelque peu. Le th\u00e8me retenu cette ann\u00e9e est : Intimit\u00e9s. Nous vous invitons \u00e0 t\u00e9l\u00e9charger ci-dessous le r\u00e8glement de l&rsquo;appel \u00e0 participation 2017 pour bien en comprendre les modalit\u00e9s. Votre participation vaut acceptation. Re\u0300glement appel &hellip; <\/p>\n<p class=\"link-more\"><a href=\"https:\/\/www.cafephotomarseille.org\/?p=2785\" class=\"more-link\">Lire la suite de<span class=\"screen-reader-text\">\u00ab\u00a0APPEL A PARTICIPATION \/\/\/ EXPO COLLECTIVE CPM 2017\u00a0\u00bb<\/span><\/a><\/p>\n","protected":false},"author":1,"featured_media":0,"comment_status":"closed","ping_status":"closed","sticky":false,"template":"","format":"standard","meta":{"footnotes":""},"categories":[65],"tags":[],"class_list":["post-2785","post","type-post","status-publish","format-standard","hentry","category-projets"],"featured_media_urls":[],"_links":{"self":[{"href":"https:\/\/www.cafephotomarseille.org\/index.php?rest_route=\/wp\/v2\/posts\/2785","targetHints":{"allow":["GET"]}}],"collection":[{"href":"https:\/\/www.cafephotomarseille.org\/index.php?rest_route=\/wp\/v2\/posts"}],"about":[{"href":"https:\/\/www.cafephotomarseille.org\/index.php?rest_route=\/wp\/v2\/types\/post"}],"author":[{"embeddable":true,"href":"https:\/\/www.cafephotomarseille.org\/index.php?rest_route=\/wp\/v2\/users\/1"}],"replies":[{"embeddable":true,"href":"https:\/\/www.cafephotomarseille.org\/index.php?rest_route=%2Fwp%2Fv2%2Fcomments&post=2785"}],"version-history":[{"count":5,"href":"https:\/\/www.cafephotomarseille.org\/index.php?rest_route=\/wp\/v2\/posts\/2785\/revisions"}],"predecessor-version":[{"id":2799,"href":"https:\/\/www.cafephotomarseille.org\/index.php?rest_route=\/wp\/v2\/posts\/2785\/revisions\/2799"}],"wp:attachment":[{"href":"https:\/\/www.cafephotomarseille.org\/index.php?rest_route=%2Fwp%2Fv2%2Fmedia&parent=2785"}],"wp:term":[{"taxonomy":"category","embeddable":true,"href":"https:\/\/www.cafephotomarseille.org\/index.php?rest_route=%2Fwp%2Fv2%2Fcategories&post=2785"},{"taxonomy":"post_tag","embeddable":true,"href":"https:\/\/www.cafephotomarseille.org\/index.php?rest_route=%2Fwp%2Fv2%2Ftags&post=2785"}],"curies":[{"name":"wp","href":"https:\/\/api.w.org\/{rel}","templated":true}]}}