{"id":2762,"date":"2016-11-17T10:28:21","date_gmt":"2016-11-17T10:28:21","guid":{"rendered":"http:\/\/www.cafephotomarseille.org\/?p=2762"},"modified":"2016-11-17T10:53:43","modified_gmt":"2016-11-17T10:53:43","slug":"grande-exposition-collective-2016-du-cpm-demandez-le-programme","status":"publish","type":"post","link":"https:\/\/www.cafephotomarseille.org\/?p=2762","title":{"rendered":"Grande exposition collective 2016 du CPM, demandez le programme !"},"content":{"rendered":"<p style=\"text-align: left;\"><img fetchpriority=\"high\" decoding=\"async\" class=\" wp-image-2763 alignleft\" src=\"https:\/\/www.cafephotomarseille.org\/wp-content\/uploads\/2016\/11\/serge.bumbalo.APPELAPROJET2016-2-288x194.jpg\" alt=\"serge-bumbalo-appelaprojet2016-2\" width=\"275\" height=\"185\" srcset=\"https:\/\/www.cafephotomarseille.org\/wp-content\/uploads\/2016\/11\/serge.bumbalo.APPELAPROJET2016-2-288x194.jpg 288w, https:\/\/www.cafephotomarseille.org\/wp-content\/uploads\/2016\/11\/serge.bumbalo.APPELAPROJET2016-2-768x516.jpg 768w, https:\/\/www.cafephotomarseille.org\/wp-content\/uploads\/2016\/11\/serge.bumbalo.APPELAPROJET2016-2-494x332.jpg 494w, https:\/\/www.cafephotomarseille.org\/wp-content\/uploads\/2016\/11\/serge.bumbalo.APPELAPROJET2016-2.jpg 1070w\" sizes=\"(max-width: 275px) 100vw, 275px\" \/>Retrouvez dans cet article tous les \u00e9l\u00e9ments d\u2019infos pour la grande exposition collective 2016 du CPM.<br \/>\n<em>(Photo d\u2019illustration extraite de la s\u00e9rie \u00ab\u00a04 heures du mat&rsquo;, la nuit sans sommeil de Serge Bumbalo)<\/em><\/p>\n<p style=\"text-align: left;\"><strong>25 photographes de l\u2019association Caf\u00e9 Photo Marseille<\/strong> (CPM) exposeront du <strong>26 novembre au 18 d\u00e9cembre 2016 \u00e0<\/strong> l\u2019\u00e9cole Axe Sud \u00e0 Marseille \u2013 9 rue Fauchier 13002, m\u00e9tro Joliette &#8211; leurs s\u00e9ries de 4 photos sur le th\u00e8me commun <strong>\u00ab 4 heures du mat \u2018, la nuit sans sommeil\u00bb<\/strong>.<br \/>\nQuelles soient narratives, r\u00e9alistes ou au contraire empreintes d\u2019imaginaire, ce travail collectif ne vous laissera pas indiff\u00e9rent car chaque s\u00e9rie est une d\u00e9clinaison intime de cette nuit sans sommeil.<\/p>\n<p style=\"text-align: left;\"><strong>Le flyer de l\u2019exposition au format web que vous pouvez relayer sur les r\u00e9seaux sociaux :<\/strong><\/p>\n<p style=\"text-align: left;\"><a href=\"https:\/\/www.cafephotomarseille.org\/wp-content\/uploads\/2016\/11\/RECTO-FLYER-EXPO-2016.jpg\" rel=\"attachment wp-att-2765\"><img decoding=\"async\" class=\" wp-image-2765 aligncenter\" src=\"https:\/\/www.cafephotomarseille.org\/wp-content\/uploads\/2016\/11\/RECTO-FLYER-EXPO-2016.jpg\" alt=\"recto-flyer-expo-2016\" width=\"498\" height=\"703\" srcset=\"https:\/\/www.cafephotomarseille.org\/wp-content\/uploads\/2016\/11\/RECTO-FLYER-EXPO-2016.jpg 1024w, https:\/\/www.cafephotomarseille.org\/wp-content\/uploads\/2016\/11\/RECTO-FLYER-EXPO-2016-204x288.jpg 204w, https:\/\/www.cafephotomarseille.org\/wp-content\/uploads\/2016\/11\/RECTO-FLYER-EXPO-2016-768x1085.jpg 768w, https:\/\/www.cafephotomarseille.org\/wp-content\/uploads\/2016\/11\/RECTO-FLYER-EXPO-2016-350x494.jpg 350w\" sizes=\"(max-width: 498px) 100vw, 498px\" \/><\/a><\/p>\n<p style=\"text-align: center;\"><strong>E<\/strong><span style=\"color: #000000;\"><strong>xposition ou<\/strong><\/span><span style=\"color: #000000;\"><strong>verte au public du 26 novembre au 18 d\u00e9cembre<\/strong><\/span><br \/>\n<strong>Du lundi au vendredi de 10h \u00e0 12h et de 15h \u00e0 17h30<\/strong><br \/>\n<strong>Les samedis, de 10h \u00e0 17h30 en continu<\/strong><br \/>\n<strong>et les dimanches, de 14h \u00e0 17h30.<\/strong><br \/>\n<strong>CAFE PHOTO d\u2019ouverture samedi 26 NOV. \u00e0 10h<\/strong><br \/>\n<strong>suivi du verre de l\u2019amiti\u00e9 \u00e0 partager avec les exposants.<\/strong><\/p>\n<p style=\"text-align: left;\"><strong>Les 25 photographes exposants :<\/strong><br \/>\nDaniel BABOLAT &#8211; Claudine BAISSIERE &#8211; Christelle BAUNEZ &#8211; Christian BROCHETTO &#8211; Serge BUMBALO &#8211; Nathalie COL &#8211; Marino CORDESSE &#8211; Genevi\u00e8ve COULON \u2013 Jean-Philippe DI ASCIA &#8211; Estelle DOEHR &#8211; Alain GIRAUD &#8211; Sophie GOTTI &#8211; Jo\u00eblle GRACIA &#8211; Carole HUREL &#8211; Michel LLORCA &#8211; Antoine-Marie LUCCIARDI &#8211; Alain PERICHAUD &#8211; Camille PERRIN &#8211; Sergio RANISIO \u2013 Anne-Sophie ROUSSEAU &#8211; Monica RUIZ-B &#8211; Pierre THEPENIER &#8211; Evelyne TETAERT &#8211; Gilles THEODORE &#8211; Jean Marc VALLADIER<\/p>\n<p><strong>Le communiqu\u00e9 de presse de l\u2019exposition en t\u00e9l\u00e9chargement format pdf incluant le programme <\/strong>\u00a0\u2013&gt;<strong> <a href=\"https:\/\/www.cafephotomarseille.org\/wp-content\/uploads\/2016\/11\/COMMUNIQUE-DE-PRESSE-PROGRAMME-EXPO-CPM-2016.pdf\" rel=\"\">Cliquez ici<\/a><\/strong><\/p>\n<p>L\u2019exposition est ouverte toute la semaine mais des temps forts et animations<br \/>\nviennent agr\u00e9menter les weekends : <strong>Pour les stages et ateliers, r\u00e9servation obligatoire, donc n\u2019attendez pas le dernier moment les places sont limit\u00e9es\u00a0:<\/strong><\/p>\n<p><span style=\"color: #ff0000;\"><em><strong>SAMEDI 26 NOVEMBRE<\/strong><\/em><\/span><br \/>\n10h<strong> :<\/strong> <strong>CAFE PHOTO<\/strong> avec le lancement de l&rsquo;exposition &#8211; ouvert \u00e0 tous ! Venez-vous aussi d\u00e9couvrir la richesse de cette r\u00e9union mensuelle qui rassemble une soixantaine de photographes de la r\u00e9gion. Caf\u00e9 offert.<br \/>\n11h<strong> :VERNISSAGE<\/strong> avec partage du verre de l\u2019amiti\u00e9 en pr\u00e9sence des exposants qui pourront r\u00e9pondre \u00e0 toutes vos questions sur leurs s\u00e9ries.<br \/>\nA cette occasion sera d\u00e9voil\u00e9 et propos\u00e9 \u00e0 la vente le catalogue de l\u2019exposition collective 2016.<\/p>\n<p><span style=\"color: #ff0000;\"><em><strong>DIMANCHE 27 NOVEMBRE<\/strong><\/em><\/span><br \/>\n14h : ouverture des portes<br \/>\n14h30 : <strong>ATELIER \u00ab LA CHAMBRE NOIRE, initiation au tirage argentique NB \u00bb<\/strong> anim\u00e9 par Pascal BOUSQUET \u2013 Niveau d\u00e9butants ou ceux souhaitant \u00ab s\u2019y remettre \u00bb ! 5\u20ac pour les membres du CPM et 15\u20ac pour les non adh\u00e9rents \u00e0 l\u2019association. Limit\u00e9 \u00e0 6 inscrits par session.<strong>Inscription obligatoire<\/strong> : <strong>cafephotomarseille@gmail.com<\/strong><\/p>\n<p><em><span style=\"color: #ff0000;\"><strong>SAMEDI 3 DECEMBRE<\/strong><\/span><\/em><br \/>\n14h :<strong> VISITE comment\u00e9e de l&rsquo;expo<br \/>\n<\/strong>15h :<strong> PROJECTION &#8211; gratuite &#8211; <\/strong>du documentaire \u00ab En souriant \u00e0 l\u2019invisible \u00bb sur Edouard BOUBAT, d\u2019une dur\u00e9e de 25&prime; suivie d\u2019un DEBAT \/ ECHANGE avec le public anim\u00e9 par Alain GIRAUD et Michel LLORCA \u2013<strong> entr\u00e9e libre<\/strong><\/p>\n<p style=\"text-align: left;\"><strong><em><span style=\"color: #ff0000;\">SAMEDI 10 DECEMBRE<\/span><\/em><br \/>\n<\/strong>10h :<strong> ouverture des portes<br \/>\n<\/strong>14h :<strong> VISITE comment\u00e9e de l&rsquo;expo<br \/>\n<\/strong>17h30 :<strong> fermeture des portes<br \/>\n<\/strong>18h :<strong> ATELIER \u00ab NUIT BLANCHE, initiation au LIGHTPAINTING \u00bb <\/strong>anim\u00e9 par Andr\u00e9 ALLIO, en plein air, du c\u00f4t\u00e9 des plages (le lieu de rdv exact communiqu\u00e9 \u00e0 l\u2019inscription). PLACES LIMITEES. Niveau d\u00e9butant.<br \/>\n5\u20ac pour les membres du CPM et 15\u20ac pour les non adh\u00e9rents \u00e0 l\u2019association.<br \/>\n<strong>Inscription obligatoire : cafephotomarseille@gmail.com<\/strong><br \/>\n(Pr\u00e9requis \u00e0 apporter avec soi : un boitier photo avec d\u00e9clencheur souple ou<br \/>\nt\u00e9l\u00e9commande avec pose B. Un pied photo. Les gants le bonnet pour la m\u00e9t\u00e9o ! Un repas pourra \u00eatre pris en commun sur place non compris dans le prix)<\/p>\n<p style=\"text-align: left;\"><strong><span style=\"color: #ff0000;\"><em>DIMANCHE 11 DECEMBRE<\/em><\/span><br \/>\n<\/strong>14h :<strong> ouverture des portes<br \/>\n<\/strong>14h30 :<strong> ATELIER \u00ab LA CHAMBRE NOIRE, initiation au tirage argentique NB \u00bb a<\/strong>nim\u00e9 par Pascal BOUSQUET \u2013 Niveau d\u00e9butants ou ceux souhaitant \u00ab s\u2019y remettre \u00bb !<strong> 5<\/strong>\u20ac pour les membres du CPM et 15\u20ac pour les non adh\u00e9rents. Limit\u00e9 \u00e0 6 inscrits par session.<strong> Inscription obligatoire : cafephotomarseille@gmail.com<\/strong><\/p>\n<p style=\"text-align: left;\"><strong><em><span style=\"color: #ff0000;\">SAMEDI 17 DECEMBRE<br \/>\n<\/span><\/em><\/strong><span style=\"color: #000000;\">10h :<\/span> <strong><span style=\"color: #000000;\">ouverture des portes<em><br \/>\n<\/em><\/span><\/strong><span style=\"color: #000000;\">14h :<\/span><strong><span style=\"color: #000000;\"><em> visite comment\u00e9e de l&rsquo;expo<br \/>\n<\/em><\/span><\/strong><span style=\"color: #000000;\">17h30 :<\/span><strong><span style=\"color: #000000;\"><em> fermeture des portes<br \/>\n<\/em><\/span><\/strong><span style=\"color: #000000;\">18h :<\/span><strong><span style=\"color: #000000;\"><em> ATELIER \u00ab NUIT BLANCHE, initiation au LIGHTPAINTING \u00bb <\/em><\/span><\/strong><span style=\"color: #000000;\">anim\u00e9 par Andr\u00e9<\/span><span style=\"color: #000000;\"> ALLIO, en plein air, du c\u00f4t\u00e9 des plages (le lieu de rdv exact communiqu\u00e9 \u00e0 l\u2019inscription). PLACES LIMITEES. Niveau d\u00e9butant.<br \/>\n5\u20ac pour les membres du CPM et 15\u20ac pour les non adh\u00e9rents \u00e0 l\u2019association.<br \/>\n<strong>Inscription obligatoire : cafephotomarseille@gmail.com<\/strong><br \/>\n(Pr\u00e9requis \u00e0 apporter avec soi : un boitier photo avec d\u00e9clencheur souple ou<br \/>\nt\u00e9l\u00e9commande avec pose B. Un pied photo. Les gants le bonnet pour la m\u00e9t\u00e9o ! Un repas pourra \u00eatre pris en commun sur place non compris dans le prix)<\/span><\/p>\n<p style=\"text-align: left;\">\n","protected":false},"excerpt":{"rendered":"<p>Retrouvez dans cet article tous les \u00e9l\u00e9ments d\u2019infos pour la grande exposition collective 2016 du CPM. (Photo d\u2019illustration extraite de la s\u00e9rie \u00ab\u00a04 heures du mat&rsquo;, la nuit sans sommeil de Serge Bumbalo) 25 photographes de l\u2019association Caf\u00e9 Photo Marseille (CPM) exposeront du 26 novembre au 18 d\u00e9cembre 2016 \u00e0 l\u2019\u00e9cole Axe Sud \u00e0 Marseille &hellip; <\/p>\n<p class=\"link-more\"><a href=\"https:\/\/www.cafephotomarseille.org\/?p=2762\" class=\"more-link\">Lire la suite de<span class=\"screen-reader-text\">\u00ab\u00a0Grande exposition collective 2016 du CPM, demandez le programme !\u00a0\u00bb<\/span><\/a><\/p>\n","protected":false},"author":10,"featured_media":0,"comment_status":"closed","ping_status":"closed","sticky":false,"template":"","format":"standard","meta":{"footnotes":""},"categories":[6,12],"tags":[],"class_list":["post-2762","post","type-post","status-publish","format-standard","hentry","category-agenda","category-rdv-mensuel"],"featured_media_urls":[],"_links":{"self":[{"href":"https:\/\/www.cafephotomarseille.org\/index.php?rest_route=\/wp\/v2\/posts\/2762","targetHints":{"allow":["GET"]}}],"collection":[{"href":"https:\/\/www.cafephotomarseille.org\/index.php?rest_route=\/wp\/v2\/posts"}],"about":[{"href":"https:\/\/www.cafephotomarseille.org\/index.php?rest_route=\/wp\/v2\/types\/post"}],"author":[{"embeddable":true,"href":"https:\/\/www.cafephotomarseille.org\/index.php?rest_route=\/wp\/v2\/users\/10"}],"replies":[{"embeddable":true,"href":"https:\/\/www.cafephotomarseille.org\/index.php?rest_route=%2Fwp%2Fv2%2Fcomments&post=2762"}],"version-history":[{"count":6,"href":"https:\/\/www.cafephotomarseille.org\/index.php?rest_route=\/wp\/v2\/posts\/2762\/revisions"}],"predecessor-version":[{"id":2776,"href":"https:\/\/www.cafephotomarseille.org\/index.php?rest_route=\/wp\/v2\/posts\/2762\/revisions\/2776"}],"wp:attachment":[{"href":"https:\/\/www.cafephotomarseille.org\/index.php?rest_route=%2Fwp%2Fv2%2Fmedia&parent=2762"}],"wp:term":[{"taxonomy":"category","embeddable":true,"href":"https:\/\/www.cafephotomarseille.org\/index.php?rest_route=%2Fwp%2Fv2%2Fcategories&post=2762"},{"taxonomy":"post_tag","embeddable":true,"href":"https:\/\/www.cafephotomarseille.org\/index.php?rest_route=%2Fwp%2Fv2%2Ftags&post=2762"}],"curies":[{"name":"wp","href":"https:\/\/api.w.org\/{rel}","templated":true}]}}