{"id":2756,"date":"2016-10-23T14:56:14","date_gmt":"2016-10-23T14:56:14","guid":{"rendered":"http:\/\/www.cafephotomarseille.org\/?p=2756"},"modified":"2016-10-23T15:18:25","modified_gmt":"2016-10-23T15:18:25","slug":"rdv-cafe-photo-29-octobre","status":"publish","type":"post","link":"https:\/\/www.cafephotomarseille.org\/?p=2756","title":{"rendered":"Rdv caf\u00e9 photo # 29 octobre"},"content":{"rendered":"<p><img decoding=\"async\" class=\"alignnone wp-image-2338 alignleft\" src=\"https:\/\/www.cafephotomarseille.org\/wp-content\/uploads\/2014\/11\/LOGO-RENDEZ-VOUS-MENSUEL-288x157.jpg\" alt=\"LOGO-RENDEZ-VOUS-MENSUEL\" width=\"284\" height=\"155\" srcset=\"https:\/\/www.cafephotomarseille.org\/wp-content\/uploads\/2014\/11\/LOGO-RENDEZ-VOUS-MENSUEL-288x157.jpg 288w, https:\/\/www.cafephotomarseille.org\/wp-content\/uploads\/2014\/11\/LOGO-RENDEZ-VOUS-MENSUEL.jpg 452w\" sizes=\"(max-width: 284px) 100vw, 284px\" \/><span class=\"fsl\">Samedi 29 octobre \u00e0 9h30 rdv dans nos locaux de Ste Anne pour le caf\u00e9 photo. Amenez tirages, essais, livres photo et tout ouvrage photo \u00e0 partager !<br \/>\nPour ceux qui le souhaitent, il sera suivi l&rsquo;apr\u00e8s midi par une sortie au festival l&rsquo;oeil en seyne \u00e0 la Seyne sur mer.<br \/>\nA samedi !<\/span><\/p>\n<p><span class=\"_5xhk\">FTJ la Claire Maison 286 avenue de Mazargues 13008 Marseille<\/span><\/p>\n<div id=\"lmm_8588a6b3\" style=\"width:640px;\" class=\"mapsmarker markermap marker-9\">\n<div id=\"lmm_panel_8588a6b3\" class=\"lmm-panel\" style=\"background:#efefef;\">\n<div id=\"lmm_panel_api_8588a6b3\" class=\"lmm-panel-api\"><a href=\"https:\/\/maps.google.com\/maps?daddr=286+Avenue+de+Mazargues%2C+Marseille%2C+France&amp;t=m&amp;layer=1&amp;doflg=ptk&amp;om=0\" target=\"_blank\" title=\"Obtenir l&#039;itin\u00e9raire\"><img decoding=\"async\" alt=\"icon-car.png\" src=\"https:\/\/www.cafephotomarseille.org\/wp-content\/plugins\/leaflet-maps-marker\/inc\/img\/icon-car.png\" width=\"14\" height=\"14\" class=\"lmm-panel-api-images\" \/><\/a><\/div><div id=\"lmm_panel_text_8588a6b3\" class=\"lmm-panel-text\" style=\"font-weight:bold;\">Foyer Claire Maison Ste Anne<\/div><\/div>\n<div id=\"lmm_map_8588a6b3\" class=\"lmm-map\" style=\"background:#f6f6f6;border:1px solid #ccc;height:480px; overflow:hidden;padding:0;\"><p style=\"font-size:80%;color:#9f9e9e;margin-left:5px;\">chargement de la carte - veuillez patienter...<noscript><br\/><strong>La carte ne peut \u00eatre charg\u00e9e - s'il vous pla\u00eet activer Javascript !<\/strong><br\/><a style=\"text-decoration:none;\" href=\"https:\/\/www.mapsmarker.com\/js-disabled\" target=\"_blank\">&rarr; plus dginformations<\/a><\/noscript><\/p><\/div>\n<div id=\"lmm_geo_tags_8588a6b3\" class=\"lmm-geo-tags geo\">\n<span class=\"paneltext\">Foyer Claire Maison Ste Anne<\/span>\n<span class=\"latitude\">43.261162<\/span>, <span class=\"longitude\">5.393548<\/span>\n<span class=\"popuptext\"><\/span>\n<\/div>\n<\/div>\n","protected":false},"excerpt":{"rendered":"<p>Samedi 29 octobre \u00e0 9h30 rdv dans nos locaux de Ste Anne pour le caf\u00e9 photo. Amenez tirages, essais, livres photo et tout ouvrage photo \u00e0 partager ! Pour ceux qui le souhaitent, il sera suivi l&rsquo;apr\u00e8s midi par une sortie au festival l&rsquo;oeil en seyne \u00e0 la Seyne sur mer. A samedi ! FTJ &hellip; <\/p>\n<p class=\"link-more\"><a href=\"https:\/\/www.cafephotomarseille.org\/?p=2756\" class=\"more-link\">Lire la suite de<span class=\"screen-reader-text\">\u00ab\u00a0Rdv caf\u00e9 photo # 29 octobre\u00a0\u00bb<\/span><\/a><\/p>\n","protected":false},"author":10,"featured_media":0,"comment_status":"closed","ping_status":"closed","sticky":false,"template":"","format":"standard","meta":{"footnotes":""},"categories":[6,12],"tags":[],"class_list":["post-2756","post","type-post","status-publish","format-standard","hentry","category-agenda","category-rdv-mensuel"],"featured_media_urls":[],"_links":{"self":[{"href":"https:\/\/www.cafephotomarseille.org\/index.php?rest_route=\/wp\/v2\/posts\/2756","targetHints":{"allow":["GET"]}}],"collection":[{"href":"https:\/\/www.cafephotomarseille.org\/index.php?rest_route=\/wp\/v2\/posts"}],"about":[{"href":"https:\/\/www.cafephotomarseille.org\/index.php?rest_route=\/wp\/v2\/types\/post"}],"author":[{"embeddable":true,"href":"https:\/\/www.cafephotomarseille.org\/index.php?rest_route=\/wp\/v2\/users\/10"}],"replies":[{"embeddable":true,"href":"https:\/\/www.cafephotomarseille.org\/index.php?rest_route=%2Fwp%2Fv2%2Fcomments&post=2756"}],"version-history":[{"count":4,"href":"https:\/\/www.cafephotomarseille.org\/index.php?rest_route=\/wp\/v2\/posts\/2756\/revisions"}],"predecessor-version":[{"id":2760,"href":"https:\/\/www.cafephotomarseille.org\/index.php?rest_route=\/wp\/v2\/posts\/2756\/revisions\/2760"}],"wp:attachment":[{"href":"https:\/\/www.cafephotomarseille.org\/index.php?rest_route=%2Fwp%2Fv2%2Fmedia&parent=2756"}],"wp:term":[{"taxonomy":"category","embeddable":true,"href":"https:\/\/www.cafephotomarseille.org\/index.php?rest_route=%2Fwp%2Fv2%2Fcategories&post=2756"},{"taxonomy":"post_tag","embeddable":true,"href":"https:\/\/www.cafephotomarseille.org\/index.php?rest_route=%2Fwp%2Fv2%2Ftags&post=2756"}],"curies":[{"name":"wp","href":"https:\/\/api.w.org\/{rel}","templated":true}]}}