{"id":2719,"date":"2016-06-13T17:29:42","date_gmt":"2016-06-13T17:29:42","guid":{"rendered":"http:\/\/www.cafephotomarseille.org\/?p=2719"},"modified":"2016-06-13T17:29:42","modified_gmt":"2016-06-13T17:29:42","slug":"rdv-cafe-photo-25-juin-repas-au-cabanon","status":"publish","type":"post","link":"https:\/\/www.cafephotomarseille.org\/?p=2719","title":{"rendered":"Rdv caf\u00e9 photo # 25 juin + repas au Cabanon"},"content":{"rendered":"<p style=\"text-align: left\">Cette saiso<img decoding=\"async\" class=\"size-medium wp-image-2338 alignleft\" src=\"https:\/\/www.cafephotomarseille.org\/wp-content\/uploads\/2014\/11\/LOGO-RENDEZ-VOUS-MENSUEL-288x157.jpg\" alt=\"LOGO-RENDEZ-VOUS-MENSUEL\" width=\"288\" height=\"157\" srcset=\"https:\/\/www.cafephotomarseille.org\/wp-content\/uploads\/2014\/11\/LOGO-RENDEZ-VOUS-MENSUEL-288x157.jpg 288w, https:\/\/www.cafephotomarseille.org\/wp-content\/uploads\/2014\/11\/LOGO-RENDEZ-VOUS-MENSUEL.jpg 452w\" sizes=\"(max-width: 288px) 100vw, 288px\" \/>n 2015\/2016 s&rsquo;ach\u00e8ve avec quelques belles expos et sorties, mais aussi la promesse de nouveaux projets tout aussi int\u00e9ressants \u00e0 la rentr\u00e9e ! Nous vous donnons rdv pour le caf\u00e9 photo de fin de saison qui se tiendra \u00e0 Ste Anne le 25 juin afin de permettre \u00e0 tous de partager vos photos, livres et de vous tenir inform\u00e9s des actus&#8230; Il se cl\u00f4turera par contre exceptionnellement \u00e0 midi tapante pour se poursuivre, pour ceux qui le souhaitent,\u00a0par une pa\u00eblla conviviale au cabanon d&rsquo;Alain dans notre belle campagne proven\u00e7ale du c\u00f4t\u00e9 de la Destrousse.<\/p>\n<p style=\"text-align: left\">Pour ceux qui souhaitent y participer, le tarif est fix\u00e9 \u00e0 12\u20ac pour une pa\u00eblla aux moules, nous pr\u00e9cise-t-on du c\u00f4t\u00e9 des fourneaux, concoct\u00e9e par notre chef gastronome Jean-Philippe Di Ascia. Ce tarif comprend \u00e9galement l&rsquo;eau (car le cabanon d&rsquo;Alain n&rsquo;a pas l&rsquo;eau courante) et les fruits en dessert. Vous \u00eates donc tous invit\u00e9s \u00e0 pr\u00e9voir la boisson de votre choix pour accompagner votre pa\u00eblla. Comme disent les anglais \u00ab\u00a0<strong>am\u00e8ne ce que tu bois\u00a0\u00bb<\/strong>! Nous pr\u00e9voirons de notre c\u00f4t\u00e9 en ap\u00e9ritif quelques chips et olives vertes pour accompagner.<br \/>\nS&rsquo;il fait beau temps, pr\u00e9voir chapeau, cr\u00e8me solaire car l&rsquo;ombre y est rare !<\/p>\n<p style=\"text-align: left\"><strong>RESERVATION PAR MAIL POUR LA PAELLA : cafephotomarseille@gmail.com<\/strong> <u>avant le 21 juin<\/u> afin d&rsquo;\u00e9valuer au plus juste les quantit\u00e9s !<br \/>\nEn pr\u00e9vision du repas, nous recherchons quelques chaises car le cabanon d&rsquo;Alain n&rsquo;en a pas suffisamment. Donc si vous avez<u> quelques chaises pliantes<\/u>, merci de les mener ! Apr\u00e8s ce sera \u00e0 la bonne franquette \ud83d\ude09<br \/>\nPour ce qui sont des voitures, un co-voiturage pourra se pr\u00e9voir depuis le FJT afin de limiter les v\u00e9hicules aux abords du terrain.<\/p>\n<p style=\"text-align: left\"><div id=\"lmm_771436e9\" style=\"width:640px;\" class=\"mapsmarker markermap marker-9\">\n<div id=\"lmm_panel_771436e9\" class=\"lmm-panel\" style=\"background:#efefef;\">\n<div id=\"lmm_panel_api_771436e9\" class=\"lmm-panel-api\"><a href=\"https:\/\/maps.google.com\/maps?daddr=286+Avenue+de+Mazargues%2C+Marseille%2C+France&amp;t=m&amp;layer=1&amp;doflg=ptk&amp;om=0\" target=\"_blank\" title=\"Obtenir l&#039;itin\u00e9raire\"><img decoding=\"async\" alt=\"icon-car.png\" src=\"https:\/\/www.cafephotomarseille.org\/wp-content\/plugins\/leaflet-maps-marker\/inc\/img\/icon-car.png\" width=\"14\" height=\"14\" class=\"lmm-panel-api-images\" \/><\/a><\/div><div id=\"lmm_panel_text_771436e9\" class=\"lmm-panel-text\" style=\"font-weight:bold;\">Foyer Claire Maison Ste Anne<\/div><\/div>\n<div id=\"lmm_map_771436e9\" class=\"lmm-map\" style=\"background:#f6f6f6;border:1px solid #ccc;height:480px; overflow:hidden;padding:0;\"><p style=\"font-size:80%;color:#9f9e9e;margin-left:5px;\">chargement de la carte - veuillez patienter...<noscript><br\/><strong>La carte ne peut \u00eatre charg\u00e9e - s'il vous pla\u00eet activer Javascript !<\/strong><br\/><a style=\"text-decoration:none;\" href=\"https:\/\/www.mapsmarker.com\/js-disabled\" target=\"_blank\">&rarr; plus dginformations<\/a><\/noscript><\/p><\/div>\n<div id=\"lmm_geo_tags_771436e9\" class=\"lmm-geo-tags geo\">\n<span class=\"paneltext\">Foyer Claire Maison Ste Anne<\/span>\n<span class=\"latitude\">43.261162<\/span>, <span class=\"longitude\">5.393548<\/span>\n<span class=\"popuptext\"><\/span>\n<\/div>\n<\/div><\/p>\n<table class=\"mcnTextContentContainer\" border=\"0\" width=\"100%\" cellspacing=\"0\" cellpadding=\"0\" align=\"left\">\n<tbody>\n<tr>\n<td class=\"mcnTextContent\" valign=\"top\"><\/td>\n<\/tr>\n<\/tbody>\n<\/table>\n","protected":false},"excerpt":{"rendered":"<p>Cette saison 2015\/2016 s&rsquo;ach\u00e8ve avec quelques belles expos et sorties, mais aussi la promesse de nouveaux projets tout aussi int\u00e9ressants \u00e0 la rentr\u00e9e ! Nous vous donnons rdv pour le caf\u00e9 photo de fin de saison qui se tiendra \u00e0 Ste Anne le 25 juin afin de permettre \u00e0 tous de partager vos photos, livres &hellip; <\/p>\n<p class=\"link-more\"><a href=\"https:\/\/www.cafephotomarseille.org\/?p=2719\" class=\"more-link\">Lire la suite de<span class=\"screen-reader-text\">\u00ab\u00a0Rdv caf\u00e9 photo # 25 juin + repas au Cabanon\u00a0\u00bb<\/span><\/a><\/p>\n","protected":false},"author":10,"featured_media":0,"comment_status":"closed","ping_status":"closed","sticky":false,"template":"","format":"standard","meta":{"footnotes":""},"categories":[12],"tags":[],"class_list":["post-2719","post","type-post","status-publish","format-standard","hentry","category-rdv-mensuel"],"featured_media_urls":[],"_links":{"self":[{"href":"https:\/\/www.cafephotomarseille.org\/index.php?rest_route=\/wp\/v2\/posts\/2719","targetHints":{"allow":["GET"]}}],"collection":[{"href":"https:\/\/www.cafephotomarseille.org\/index.php?rest_route=\/wp\/v2\/posts"}],"about":[{"href":"https:\/\/www.cafephotomarseille.org\/index.php?rest_route=\/wp\/v2\/types\/post"}],"author":[{"embeddable":true,"href":"https:\/\/www.cafephotomarseille.org\/index.php?rest_route=\/wp\/v2\/users\/10"}],"replies":[{"embeddable":true,"href":"https:\/\/www.cafephotomarseille.org\/index.php?rest_route=%2Fwp%2Fv2%2Fcomments&post=2719"}],"version-history":[{"count":1,"href":"https:\/\/www.cafephotomarseille.org\/index.php?rest_route=\/wp\/v2\/posts\/2719\/revisions"}],"predecessor-version":[{"id":2720,"href":"https:\/\/www.cafephotomarseille.org\/index.php?rest_route=\/wp\/v2\/posts\/2719\/revisions\/2720"}],"wp:attachment":[{"href":"https:\/\/www.cafephotomarseille.org\/index.php?rest_route=%2Fwp%2Fv2%2Fmedia&parent=2719"}],"wp:term":[{"taxonomy":"category","embeddable":true,"href":"https:\/\/www.cafephotomarseille.org\/index.php?rest_route=%2Fwp%2Fv2%2Fcategories&post=2719"},{"taxonomy":"post_tag","embeddable":true,"href":"https:\/\/www.cafephotomarseille.org\/index.php?rest_route=%2Fwp%2Fv2%2Ftags&post=2719"}],"curies":[{"name":"wp","href":"https:\/\/api.w.org\/{rel}","templated":true}]}}