{"id":2672,"date":"2016-03-30T07:34:23","date_gmt":"2016-03-30T07:34:23","guid":{"rendered":"http:\/\/www.cafephotomarseille.org\/?p=2672"},"modified":"2016-03-30T07:35:26","modified_gmt":"2016-03-30T07:35:26","slug":"vente-occasion-canon-5d-mark2","status":"publish","type":"post","link":"https:\/\/www.cafephotomarseille.org\/?p=2672","title":{"rendered":"Vente occasion Canon 5D Mark2"},"content":{"rendered":"<p>Pierre Th\u00e9penier vend un Canon 5D Mark 2, parfait \u00e9tat, 5000 d\u00e9clenchements\u00a0 999 \u20ac<br \/>\ncontact :(Pierre Th\u00e9penier)\u00a0 <a href=\"mailto:letep1307@gmail.com\" target=\"_blank\">letep1307@gmail.com<\/a><\/p>\n","protected":false},"excerpt":{"rendered":"<p>Pierre Th\u00e9penier vend un Canon 5D Mark 2, parfait \u00e9tat, 5000 d\u00e9clenchements\u00a0 999 \u20ac contact :(Pierre Th\u00e9penier)\u00a0 letep1307@gmail.com<\/p>\n","protected":false},"author":10,"featured_media":0,"comment_status":"closed","ping_status":"closed","sticky":false,"template":"","format":"standard","meta":{"footnotes":""},"categories":[7],"tags":[],"class_list":["post-2672","post","type-post","status-publish","format-standard","hentry","category-materiel"],"featured_media_urls":[],"_links":{"self":[{"href":"https:\/\/www.cafephotomarseille.org\/index.php?rest_route=\/wp\/v2\/posts\/2672","targetHints":{"allow":["GET"]}}],"collection":[{"href":"https:\/\/www.cafephotomarseille.org\/index.php?rest_route=\/wp\/v2\/posts"}],"about":[{"href":"https:\/\/www.cafephotomarseille.org\/index.php?rest_route=\/wp\/v2\/types\/post"}],"author":[{"embeddable":true,"href":"https:\/\/www.cafephotomarseille.org\/index.php?rest_route=\/wp\/v2\/users\/10"}],"replies":[{"embeddable":true,"href":"https:\/\/www.cafephotomarseille.org\/index.php?rest_route=%2Fwp%2Fv2%2Fcomments&post=2672"}],"version-history":[{"count":1,"href":"https:\/\/www.cafephotomarseille.org\/index.php?rest_route=\/wp\/v2\/posts\/2672\/revisions"}],"predecessor-version":[{"id":2673,"href":"https:\/\/www.cafephotomarseille.org\/index.php?rest_route=\/wp\/v2\/posts\/2672\/revisions\/2673"}],"wp:attachment":[{"href":"https:\/\/www.cafephotomarseille.org\/index.php?rest_route=%2Fwp%2Fv2%2Fmedia&parent=2672"}],"wp:term":[{"taxonomy":"category","embeddable":true,"href":"https:\/\/www.cafephotomarseille.org\/index.php?rest_route=%2Fwp%2Fv2%2Fcategories&post=2672"},{"taxonomy":"post_tag","embeddable":true,"href":"https:\/\/www.cafephotomarseille.org\/index.php?rest_route=%2Fwp%2Fv2%2Ftags&post=2672"}],"curies":[{"name":"wp","href":"https:\/\/api.w.org\/{rel}","templated":true}]}}