{"id":2662,"date":"2016-03-23T07:08:15","date_gmt":"2016-03-23T07:08:15","guid":{"rendered":"http:\/\/www.cafephotomarseille.org\/?p=2662"},"modified":"2016-03-23T07:09:43","modified_gmt":"2016-03-23T07:09:43","slug":"rdv-cafe-photo-26-mars30","status":"publish","type":"post","link":"https:\/\/www.cafephotomarseille.org\/?p=2662","title":{"rendered":"Rdv caf\u00e9 photo # 26 mars"},"content":{"rendered":"<p>Chers adh\u00e9rents et sympathisants,<\/p>\n<p>Le prochain caf\u00e9 photo se tiendra samedi 26 mars \u00e0 9h30 dans nos locaux de ste Anne.<\/p>\n<p>Le th\u00e8me de la bulle philo sera :\u00a0\u00ab\u00a0Photographier, est-ce \u00eatre le t\u00e9moin d&rsquo;une r\u00e9alit\u00e9 ou \u00caTRE l&rsquo;un des acteurs d&rsquo;une r\u00e9alit\u00e9 commune au photographe et \u00e0 son sujet ?\u00a0\u00bb<\/p>\n<p>A vos avis !<\/p>\n<p>Comme d&rsquo;habitude menez travaux, livres photo, magazines, pour la r\u00e9cr\u00e9ation et la parenth\u00e8se livres.<br \/>\nNotre tr\u00e9sorier \u00e9tant pr\u00e9sent il prendra les adh\u00e9sions au CPM et celles \u00e0 la FPF pour ceux int\u00e9ress\u00e9s.<\/p>\n<p>A samedi !<\/p>\n<div id=\"lmm_error\" style=\"margin: 5px 0;margin-bottom: 5px;padding: 5px;text-align: center;font-size: 12px;border: 1px solid red;background: #fff;\">Error: map could not be loaded - a map with the ID does not exist. Please contact the site owner.<\/div>\n","protected":false},"excerpt":{"rendered":"<p>Chers adh\u00e9rents et sympathisants, Le prochain caf\u00e9 photo se tiendra samedi 26 mars \u00e0 9h30 dans nos locaux de ste Anne. Le th\u00e8me de la bulle philo sera :\u00a0\u00ab\u00a0Photographier, est-ce \u00eatre le t\u00e9moin d&rsquo;une r\u00e9alit\u00e9 ou \u00caTRE l&rsquo;un des acteurs d&rsquo;une r\u00e9alit\u00e9 commune au photographe et \u00e0 son sujet ?\u00a0\u00bb A vos avis ! Comme &hellip; <\/p>\n<p class=\"link-more\"><a href=\"https:\/\/www.cafephotomarseille.org\/?p=2662\" class=\"more-link\">Lire la suite de<span class=\"screen-reader-text\">\u00ab\u00a0Rdv caf\u00e9 photo # 26 mars\u00a0\u00bb<\/span><\/a><\/p>\n","protected":false},"author":1,"featured_media":0,"comment_status":"closed","ping_status":"closed","sticky":false,"template":"","format":"standard","meta":{"footnotes":""},"categories":[12],"tags":[],"class_list":["post-2662","post","type-post","status-publish","format-standard","hentry","category-rdv-mensuel"],"featured_media_urls":[],"_links":{"self":[{"href":"https:\/\/www.cafephotomarseille.org\/index.php?rest_route=\/wp\/v2\/posts\/2662","targetHints":{"allow":["GET"]}}],"collection":[{"href":"https:\/\/www.cafephotomarseille.org\/index.php?rest_route=\/wp\/v2\/posts"}],"about":[{"href":"https:\/\/www.cafephotomarseille.org\/index.php?rest_route=\/wp\/v2\/types\/post"}],"author":[{"embeddable":true,"href":"https:\/\/www.cafephotomarseille.org\/index.php?rest_route=\/wp\/v2\/users\/1"}],"replies":[{"embeddable":true,"href":"https:\/\/www.cafephotomarseille.org\/index.php?rest_route=%2Fwp%2Fv2%2Fcomments&post=2662"}],"version-history":[{"count":2,"href":"https:\/\/www.cafephotomarseille.org\/index.php?rest_route=\/wp\/v2\/posts\/2662\/revisions"}],"predecessor-version":[{"id":2664,"href":"https:\/\/www.cafephotomarseille.org\/index.php?rest_route=\/wp\/v2\/posts\/2662\/revisions\/2664"}],"wp:attachment":[{"href":"https:\/\/www.cafephotomarseille.org\/index.php?rest_route=%2Fwp%2Fv2%2Fmedia&parent=2662"}],"wp:term":[{"taxonomy":"category","embeddable":true,"href":"https:\/\/www.cafephotomarseille.org\/index.php?rest_route=%2Fwp%2Fv2%2Fcategories&post=2662"},{"taxonomy":"post_tag","embeddable":true,"href":"https:\/\/www.cafephotomarseille.org\/index.php?rest_route=%2Fwp%2Fv2%2Ftags&post=2662"}],"curies":[{"name":"wp","href":"https:\/\/api.w.org\/{rel}","templated":true}]}}