{"id":2620,"date":"2016-01-26T11:22:23","date_gmt":"2016-01-26T11:22:23","guid":{"rendered":"http:\/\/www.cafephotomarseille.org\/?p=2620"},"modified":"2016-01-26T11:48:56","modified_gmt":"2016-01-26T11:48:56","slug":"assemblee-generale-de-lassociation","status":"publish","type":"post","link":"https:\/\/www.cafephotomarseille.org\/?p=2620","title":{"rendered":"Assembl\u00e9e g\u00e9n\u00e9rale de l&rsquo;association"},"content":{"rendered":"<p>Chers adh\u00e9rent(e)s,<\/p>\n<p>Notre association tiendra son <strong>assembl\u00e9e g\u00e9n\u00e9rale samedi 30 janvier \u00e0 9h au Foyer des Jeunes travailleurs de Ste Anne<\/strong> (ouverture des portes \u00e0 8h45).<\/p>\n<p>L&rsquo;ordre du jour a \u00e9t\u00e9 envoy\u00e9 par mail aux adh\u00e9rents \u00e0 jour de leur cotisation. Si vous pensez \u00eatre \u00e0 jour et que vous n&rsquo;avez rien re\u00e7u, contactez d\u00e8s \u00e0 pr\u00e9sent le secr\u00e9tariat sur <span style=\"text-decoration: underline;\"><strong>cafephotomarseille@gmail.com<\/strong><\/span><\/p>\n<p>Si vous ne pouvez \u00eatre pr\u00e9sent, rapprochez-vous d&rsquo;un membre adh\u00e9rent pr\u00e9sent afin de lui donner votre pouvoir sous format papier ou envoyez-nous votre pouvoir par mail en stipulant simplement dans le corps de votre mail\u00a0:<\/p>\n<p>Conform\u00e9ment aux statuts de l\u2019association,<\/p>\n<p>Je soussign\u00e9(e)\u00a0\u00a0 \u2026\u2026\u2026\u2026\u2026\u2026\u2026\u2026\u2026\u2026\u2026\u2026\u2026\u2026\u2026\u2026\u2026\u2026\u2026\u2026\u2026\u2026\u2026\u2026<\/p>\n<p>donne pouvoir \u00e0\u00a0\u00a0\u00a0 \u2026\u2026\u2026\u2026\u2026\u2026\u2026\u2026\u2026\u2026\u2026\u2026\u2026\u2026\u2026\u2026\u2026\u2026\u2026\u2026\u2026.<\/p>\n<p>afin\u00a0 de me repr\u00e9senter et voter \u00e0 l\u2019Assembl\u00e9e G\u00e9n\u00e9rale du Caf\u00e9 Photo Marseille<\/p>\n<p>qui se d\u00e9roulera \u00e0 partir de 9h dans les locaux\u00a0:<\/p>\n<p>FJT &#8211; 286 avenue de Mazargues 13008 Marseille.<\/p>\n<p>Fait \u00e0 Marseille le \u2026\u2026\u2026\u2026\u2026\u2026\u2026\u2026\u2026\u2026\u2026\u2026\u2026\u2026\u2026\u2026.<\/p>\n<p><strong>\u00a0<\/strong><strong><em>Le retour de ce pouvoir par internet depuis votre ordinateur \u00e0 l\u2019adresse mail du CPM a valeur de signature. \u00a0 \u00a0 \u00a0 \u00a0 \u00a0 \u00a0 \u00a0 \u00a0 \u00a0 \u00a0 \u00a0 \u00a0 \u00a0 \u00a0 \u00a0 \u00a0 \u00a0 \u00a0 \u00a0 \u00a0 \u00a0 \u00a0 \u00a0 \u00a0 \u00a0<\/em><\/strong><\/p>\n<p>&nbsp;<\/p>\n<p>Attention ! Maximum 3 pouvoirs par personne.<br \/>\nComme habituellement, la r\u00e9union se terminera par un ap\u00e9ritif amical, inutile d&rsquo;apporter quoi que ce soit.<\/p>\n<p>Si vous n&rsquo;\u00eates pas \u00e0 jour de votre cotisation , vous pouvez bien entendu assister \u00e0 la r\u00e9union mais sans prendre part aux votes.<\/p>\n","protected":false},"excerpt":{"rendered":"<p>Chers adh\u00e9rent(e)s, Notre association tiendra son assembl\u00e9e g\u00e9n\u00e9rale samedi 30 janvier \u00e0 9h au Foyer des Jeunes travailleurs de Ste Anne (ouverture des portes \u00e0 8h45). L&rsquo;ordre du jour a \u00e9t\u00e9 envoy\u00e9 par mail aux adh\u00e9rents \u00e0 jour de leur cotisation. Si vous pensez \u00eatre \u00e0 jour et que vous n&rsquo;avez rien re\u00e7u, contactez d\u00e8s &hellip; <\/p>\n<p class=\"link-more\"><a href=\"https:\/\/www.cafephotomarseille.org\/?p=2620\" class=\"more-link\">Lire la suite de<span class=\"screen-reader-text\">\u00ab\u00a0Assembl\u00e9e g\u00e9n\u00e9rale de l&rsquo;association\u00a0\u00bb<\/span><\/a><\/p>\n","protected":false},"author":1,"featured_media":0,"comment_status":"closed","ping_status":"closed","sticky":false,"template":"","format":"standard","meta":{"footnotes":""},"categories":[12],"tags":[],"class_list":["post-2620","post","type-post","status-publish","format-standard","hentry","category-rdv-mensuel"],"featured_media_urls":[],"_links":{"self":[{"href":"https:\/\/www.cafephotomarseille.org\/index.php?rest_route=\/wp\/v2\/posts\/2620","targetHints":{"allow":["GET"]}}],"collection":[{"href":"https:\/\/www.cafephotomarseille.org\/index.php?rest_route=\/wp\/v2\/posts"}],"about":[{"href":"https:\/\/www.cafephotomarseille.org\/index.php?rest_route=\/wp\/v2\/types\/post"}],"author":[{"embeddable":true,"href":"https:\/\/www.cafephotomarseille.org\/index.php?rest_route=\/wp\/v2\/users\/1"}],"replies":[{"embeddable":true,"href":"https:\/\/www.cafephotomarseille.org\/index.php?rest_route=%2Fwp%2Fv2%2Fcomments&post=2620"}],"version-history":[{"count":3,"href":"https:\/\/www.cafephotomarseille.org\/index.php?rest_route=\/wp\/v2\/posts\/2620\/revisions"}],"predecessor-version":[{"id":2628,"href":"https:\/\/www.cafephotomarseille.org\/index.php?rest_route=\/wp\/v2\/posts\/2620\/revisions\/2628"}],"wp:attachment":[{"href":"https:\/\/www.cafephotomarseille.org\/index.php?rest_route=%2Fwp%2Fv2%2Fmedia&parent=2620"}],"wp:term":[{"taxonomy":"category","embeddable":true,"href":"https:\/\/www.cafephotomarseille.org\/index.php?rest_route=%2Fwp%2Fv2%2Fcategories&post=2620"},{"taxonomy":"post_tag","embeddable":true,"href":"https:\/\/www.cafephotomarseille.org\/index.php?rest_route=%2Fwp%2Fv2%2Ftags&post=2620"}],"curies":[{"name":"wp","href":"https:\/\/api.w.org\/{rel}","templated":true}]}}