{"id":2591,"date":"2015-10-28T12:34:13","date_gmt":"2015-10-28T12:34:13","guid":{"rendered":"http:\/\/www.cafephotomarseille.org\/?p=2591"},"modified":"2015-10-28T12:34:13","modified_gmt":"2015-10-28T12:34:13","slug":"cafe-photo-doctobre","status":"publish","type":"post","link":"https:\/\/www.cafephotomarseille.org\/?p=2591","title":{"rendered":"Caf\u00e9 photo d&rsquo;octobre"},"content":{"rendered":"<p>Rdv samedi 31 octobre \u00e0 9h30 au foyer des jeunes travailleurs pour le Caf\u00e9 Photo d&rsquo;octobre. Comme toujours caf\u00e9 \u00e0 l&rsquo;arriv\u00e9e et n&rsquo;h\u00e9sitez pas \u00e0 mener photos, id\u00e9es et bonne humeur ! Pour ceux qui le souhaitent, la matin\u00e9e se poursuivra par une sortie de l&rsquo;apr\u00e8s-midi \u00e0 Sanary pour l&rsquo;\u00e9t\u00e9 indien des portraits. Co-voiturage pour ceux qui ne seront pas v\u00e9hicul\u00e9s.<\/p>\n<p>Foyer des Jeunes travailleurs de Ste Anne, 286 avenue de Mazargues, 13008. Arr\u00eat de bus devant.<\/p>\n<div id=\"lmm_1f87712b\" style=\"width:640px;\" class=\"mapsmarker markermap marker-9\">\n<div id=\"lmm_panel_1f87712b\" class=\"lmm-panel\" style=\"background:#efefef;\">\n<div id=\"lmm_panel_api_1f87712b\" class=\"lmm-panel-api\"><a href=\"https:\/\/maps.google.com\/maps?daddr=286+Avenue+de+Mazargues%2C+Marseille%2C+France&amp;t=m&amp;layer=1&amp;doflg=ptk&amp;om=0\" target=\"_blank\" title=\"Obtenir l&#039;itin\u00e9raire\"><img decoding=\"async\" alt=\"icon-car.png\" src=\"https:\/\/www.cafephotomarseille.org\/wp-content\/plugins\/leaflet-maps-marker\/inc\/img\/icon-car.png\" width=\"14\" height=\"14\" class=\"lmm-panel-api-images\" \/><\/a><\/div><div id=\"lmm_panel_text_1f87712b\" class=\"lmm-panel-text\" style=\"font-weight:bold;\">Foyer Claire Maison Ste Anne<\/div><\/div>\n<div id=\"lmm_map_1f87712b\" class=\"lmm-map\" style=\"background:#f6f6f6;border:1px solid #ccc;height:480px; overflow:hidden;padding:0;\"><p style=\"font-size:80%;color:#9f9e9e;margin-left:5px;\">chargement de la carte - veuillez patienter...<noscript><br\/><strong>La carte ne peut \u00eatre charg\u00e9e - s'il vous pla\u00eet activer Javascript !<\/strong><br\/><a style=\"text-decoration:none;\" href=\"https:\/\/www.mapsmarker.com\/js-disabled\" target=\"_blank\">&rarr; plus dginformations<\/a><\/noscript><\/p><\/div>\n<div id=\"lmm_geo_tags_1f87712b\" class=\"lmm-geo-tags geo\">\n<span class=\"paneltext\">Foyer Claire Maison Ste Anne<\/span>\n<span class=\"latitude\">43.261162<\/span>, <span class=\"longitude\">5.393548<\/span>\n<span class=\"popuptext\"><\/span>\n<\/div>\n<\/div>\n","protected":false},"excerpt":{"rendered":"<p>Rdv samedi 31 octobre \u00e0 9h30 au foyer des jeunes travailleurs pour le Caf\u00e9 Photo d&rsquo;octobre. Comme toujours caf\u00e9 \u00e0 l&rsquo;arriv\u00e9e et n&rsquo;h\u00e9sitez pas \u00e0 mener photos, id\u00e9es et bonne humeur ! Pour ceux qui le souhaitent, la matin\u00e9e se poursuivra par une sortie de l&rsquo;apr\u00e8s-midi \u00e0 Sanary pour l&rsquo;\u00e9t\u00e9 indien des portraits. Co-voiturage pour &hellip; <\/p>\n<p class=\"link-more\"><a href=\"https:\/\/www.cafephotomarseille.org\/?p=2591\" class=\"more-link\">Lire la suite de<span class=\"screen-reader-text\">\u00ab\u00a0Caf\u00e9 photo d&rsquo;octobre\u00a0\u00bb<\/span><\/a><\/p>\n","protected":false},"author":1,"featured_media":0,"comment_status":"closed","ping_status":"closed","sticky":false,"template":"","format":"standard","meta":{"footnotes":""},"categories":[12],"tags":[],"class_list":["post-2591","post","type-post","status-publish","format-standard","hentry","category-rdv-mensuel"],"featured_media_urls":[],"_links":{"self":[{"href":"https:\/\/www.cafephotomarseille.org\/index.php?rest_route=\/wp\/v2\/posts\/2591","targetHints":{"allow":["GET"]}}],"collection":[{"href":"https:\/\/www.cafephotomarseille.org\/index.php?rest_route=\/wp\/v2\/posts"}],"about":[{"href":"https:\/\/www.cafephotomarseille.org\/index.php?rest_route=\/wp\/v2\/types\/post"}],"author":[{"embeddable":true,"href":"https:\/\/www.cafephotomarseille.org\/index.php?rest_route=\/wp\/v2\/users\/1"}],"replies":[{"embeddable":true,"href":"https:\/\/www.cafephotomarseille.org\/index.php?rest_route=%2Fwp%2Fv2%2Fcomments&post=2591"}],"version-history":[{"count":1,"href":"https:\/\/www.cafephotomarseille.org\/index.php?rest_route=\/wp\/v2\/posts\/2591\/revisions"}],"predecessor-version":[{"id":2592,"href":"https:\/\/www.cafephotomarseille.org\/index.php?rest_route=\/wp\/v2\/posts\/2591\/revisions\/2592"}],"wp:attachment":[{"href":"https:\/\/www.cafephotomarseille.org\/index.php?rest_route=%2Fwp%2Fv2%2Fmedia&parent=2591"}],"wp:term":[{"taxonomy":"category","embeddable":true,"href":"https:\/\/www.cafephotomarseille.org\/index.php?rest_route=%2Fwp%2Fv2%2Fcategories&post=2591"},{"taxonomy":"post_tag","embeddable":true,"href":"https:\/\/www.cafephotomarseille.org\/index.php?rest_route=%2Fwp%2Fv2%2Ftags&post=2591"}],"curies":[{"name":"wp","href":"https:\/\/api.w.org\/{rel}","templated":true}]}}