{"id":2511,"date":"2015-05-25T13:53:17","date_gmt":"2015-05-25T13:53:17","guid":{"rendered":"http:\/\/www.cafephotomarseille.org\/?p=2511"},"modified":"2015-05-25T13:53:17","modified_gmt":"2015-05-25T13:53:17","slug":"rdv-cafe-photo-de-mai-sortie-photomed","status":"publish","type":"post","link":"https:\/\/www.cafephotomarseille.org\/?p=2511","title":{"rendered":"RDV caf\u00e9 photo de mai + Sortie Photomed"},"content":{"rendered":"<p><a href=\"https:\/\/www.cafephotomarseille.org\/wp-content\/uploads\/2014\/11\/LOGO-RENDEZ-VOUS-MENSUEL.jpg\"><img decoding=\"async\" class=\"alignleft  wp-image-2338\" src=\"https:\/\/www.cafephotomarseille.org\/wp-content\/uploads\/2014\/11\/LOGO-RENDEZ-VOUS-MENSUEL.jpg\" alt=\"LOGO-RENDEZ-VOUS-MENSUEL\" width=\"285\" height=\"156\" srcset=\"https:\/\/www.cafephotomarseille.org\/wp-content\/uploads\/2014\/11\/LOGO-RENDEZ-VOUS-MENSUEL.jpg 452w, https:\/\/www.cafephotomarseille.org\/wp-content\/uploads\/2014\/11\/LOGO-RENDEZ-VOUS-MENSUEL-288x157.jpg 288w\" sizes=\"(max-width: 285px) 100vw, 285px\" \/><\/a>Nous vous donnons rdv samedi 30 mai \u00e0 9h30 pour notre traditionnel rdv mensuel du caf\u00e9 photo. Au programme papotage, photographies et \u00e9galement \u00e9change de bons proc\u00e9d\u00e9s sans oublier la bulle philo sur le th\u00e8me ce mois-ci :\u00a0<strong>\u00ab\u00a0L&rsquo;absence.\u00a0ou l&rsquo;importance du hors champ.\u00a0\u00bb<a title=\"\" href=\"http:\/\/cafephotomarseille.us3.list-manage2.com\/track\/click?u=41a0214be4f8bc12523b8ecc6&amp;id=91c32f4ef2&amp;e=1bbab38e85\" target=\"_blank\"><br \/>\n<\/a><\/strong><\/p>\n<p>Le caf\u00e9 photo se cl\u00f4turera \u00e0 12h30 imp\u00e9rativement afin de se laisser le temps, pour ceux qui le souhaitent, de se rendre au festival PHOTOMED \u00e0 Sanary (gratuit). Un co-voiturage peut s&rsquo;organiser depuis le caf\u00e9 photo selon le nombre de participants au d\u00e9part.<\/p>\n<p>A samedi !<\/p>\n","protected":false},"excerpt":{"rendered":"<p>Nous vous donnons rdv samedi 30 mai \u00e0 9h30 pour notre traditionnel rdv mensuel du caf\u00e9 photo. Au programme papotage, photographies et \u00e9galement \u00e9change de bons proc\u00e9d\u00e9s sans oublier la bulle philo sur le th\u00e8me ce mois-ci :\u00a0\u00ab\u00a0L&rsquo;absence.\u00a0ou l&rsquo;importance du hors champ.\u00a0\u00bb Le caf\u00e9 photo se cl\u00f4turera \u00e0 12h30 imp\u00e9rativement afin de se laisser le &hellip; <\/p>\n<p class=\"link-more\"><a href=\"https:\/\/www.cafephotomarseille.org\/?p=2511\" class=\"more-link\">Lire la suite de<span class=\"screen-reader-text\">\u00ab\u00a0RDV caf\u00e9 photo de mai + Sortie Photomed\u00a0\u00bb<\/span><\/a><\/p>\n","protected":false},"author":1,"featured_media":0,"comment_status":"closed","ping_status":"closed","sticky":false,"template":"","format":"standard","meta":{"footnotes":""},"categories":[6,12],"tags":[],"class_list":["post-2511","post","type-post","status-publish","format-standard","hentry","category-agenda","category-rdv-mensuel"],"featured_media_urls":[],"_links":{"self":[{"href":"https:\/\/www.cafephotomarseille.org\/index.php?rest_route=\/wp\/v2\/posts\/2511","targetHints":{"allow":["GET"]}}],"collection":[{"href":"https:\/\/www.cafephotomarseille.org\/index.php?rest_route=\/wp\/v2\/posts"}],"about":[{"href":"https:\/\/www.cafephotomarseille.org\/index.php?rest_route=\/wp\/v2\/types\/post"}],"author":[{"embeddable":true,"href":"https:\/\/www.cafephotomarseille.org\/index.php?rest_route=\/wp\/v2\/users\/1"}],"replies":[{"embeddable":true,"href":"https:\/\/www.cafephotomarseille.org\/index.php?rest_route=%2Fwp%2Fv2%2Fcomments&post=2511"}],"version-history":[{"count":1,"href":"https:\/\/www.cafephotomarseille.org\/index.php?rest_route=\/wp\/v2\/posts\/2511\/revisions"}],"predecessor-version":[{"id":2512,"href":"https:\/\/www.cafephotomarseille.org\/index.php?rest_route=\/wp\/v2\/posts\/2511\/revisions\/2512"}],"wp:attachment":[{"href":"https:\/\/www.cafephotomarseille.org\/index.php?rest_route=%2Fwp%2Fv2%2Fmedia&parent=2511"}],"wp:term":[{"taxonomy":"category","embeddable":true,"href":"https:\/\/www.cafephotomarseille.org\/index.php?rest_route=%2Fwp%2Fv2%2Fcategories&post=2511"},{"taxonomy":"post_tag","embeddable":true,"href":"https:\/\/www.cafephotomarseille.org\/index.php?rest_route=%2Fwp%2Fv2%2Ftags&post=2511"}],"curies":[{"name":"wp","href":"https:\/\/api.w.org\/{rel}","templated":true}]}}