{"id":2437,"date":"2015-04-21T10:56:43","date_gmt":"2015-04-21T10:56:43","guid":{"rendered":"http:\/\/www.cafephotomarseille.org\/?p=2437"},"modified":"2015-04-24T09:42:03","modified_gmt":"2015-04-24T09:42:03","slug":"rdv-cafe-photo-marseille-25avril2015","status":"publish","type":"post","link":"https:\/\/www.cafephotomarseille.org\/?p=2437","title":{"rendered":"Rdv Caf\u00e9 Photo Marseille # 25Avril2015"},"content":{"rendered":"<p>Rdv caf\u00e9 photo samedi 25 avril \u00e0 9h30 au FJT la claire Maison 286 avenue de Mazargues. Amenez photos, essais, et surtout votre plus beau sourire ! on s&rsquo;occupe du reste \ud83d\ude42<\/p>\n","protected":false},"excerpt":{"rendered":"<p>Rdv caf\u00e9 photo samedi 25 avril \u00e0 9h30 au FJT la claire Maison 286 avenue de Mazargues. Amenez photos, essais, et surtout votre plus beau sourire ! on s&rsquo;occupe du reste \ud83d\ude42<\/p>\n","protected":false},"author":1,"featured_media":0,"comment_status":"closed","ping_status":"closed","sticky":false,"template":"","format":"standard","meta":{"footnotes":""},"categories":[12],"tags":[],"class_list":["post-2437","post","type-post","status-publish","format-standard","hentry","category-rdv-mensuel"],"featured_media_urls":[],"_links":{"self":[{"href":"https:\/\/www.cafephotomarseille.org\/index.php?rest_route=\/wp\/v2\/posts\/2437","targetHints":{"allow":["GET"]}}],"collection":[{"href":"https:\/\/www.cafephotomarseille.org\/index.php?rest_route=\/wp\/v2\/posts"}],"about":[{"href":"https:\/\/www.cafephotomarseille.org\/index.php?rest_route=\/wp\/v2\/types\/post"}],"author":[{"embeddable":true,"href":"https:\/\/www.cafephotomarseille.org\/index.php?rest_route=\/wp\/v2\/users\/1"}],"replies":[{"embeddable":true,"href":"https:\/\/www.cafephotomarseille.org\/index.php?rest_route=%2Fwp%2Fv2%2Fcomments&post=2437"}],"version-history":[{"count":3,"href":"https:\/\/www.cafephotomarseille.org\/index.php?rest_route=\/wp\/v2\/posts\/2437\/revisions"}],"predecessor-version":[{"id":2455,"href":"https:\/\/www.cafephotomarseille.org\/index.php?rest_route=\/wp\/v2\/posts\/2437\/revisions\/2455"}],"wp:attachment":[{"href":"https:\/\/www.cafephotomarseille.org\/index.php?rest_route=%2Fwp%2Fv2%2Fmedia&parent=2437"}],"wp:term":[{"taxonomy":"category","embeddable":true,"href":"https:\/\/www.cafephotomarseille.org\/index.php?rest_route=%2Fwp%2Fv2%2Fcategories&post=2437"},{"taxonomy":"post_tag","embeddable":true,"href":"https:\/\/www.cafephotomarseille.org\/index.php?rest_route=%2Fwp%2Fv2%2Ftags&post=2437"}],"curies":[{"name":"wp","href":"https:\/\/api.w.org\/{rel}","templated":true}]}}