{"id":2392,"date":"2015-04-05T17:22:10","date_gmt":"2015-04-05T17:22:10","guid":{"rendered":"http:\/\/www.cafephotomarseille.org\/?p=2392"},"modified":"2015-04-06T16:36:48","modified_gmt":"2015-04-06T16:36:48","slug":"cpm-hors-les-murs-une-belle-journee-a-lauris","status":"publish","type":"post","link":"https:\/\/www.cafephotomarseille.org\/?p=2392","title":{"rendered":"CPM hors les murs : une belle journ\u00e9e \u00e0 Lauris entre photographie &#038; litt\u00e9rature"},"content":{"rendered":"<div><img fetchpriority=\"high\" decoding=\"async\" class=\" wp-image-2397  alignleft\" src=\"https:\/\/www.cafephotomarseille.org\/wp-content\/uploads\/2015\/04\/04-garofano01-494x327.jpg\" alt=\"04-garofano01\" width=\"561\" height=\"371\" srcset=\"https:\/\/www.cafephotomarseille.org\/wp-content\/uploads\/2015\/04\/04-garofano01-494x327.jpg 494w, https:\/\/www.cafephotomarseille.org\/wp-content\/uploads\/2015\/04\/04-garofano01-288x191.jpg 288w, https:\/\/www.cafephotomarseille.org\/wp-content\/uploads\/2015\/04\/04-garofano01.jpg 800w\" sizes=\"(max-width: 561px) 100vw, 561px\" \/>Un CPM hors les murs \u00e9tait organis\u00e9 \u00e0 Lauris samedi 28 mars suite \u00e0\u00a0une proposition d&rsquo;Anne et Marie-Anne de\u00a0convier tous nos adh\u00e9rents \u00e0 participer \u00e0 la programmation d&rsquo;une journ\u00e9e traitant de photographie et de litt\u00e9rature. Comme au CPM nous aimons sortir des sentiers battus, nous avons accept\u00e9 cette invitation et c&rsquo;est le coeur plein d&rsquo;entrain sous un beau soleil que nous nous sommes tous retrouv\u00e9s au ch\u00e2teau de Lauris pour tenir notre rdv mensuel. C&rsquo;\u00e9tait aussi pour nous l&rsquo;occasion\u00a0de\u00a0d\u00e9couvrir le travail d&rsquo;Alix Cl\u00e9o Roubaud, photographe pr\u00e9cocemment disparue, notamment au travers de l&rsquo;exercice\u00a0difficile de l&rsquo;auto-portrait. C&rsquo;est donc\u00a0dans une tr\u00e8s bonne ambiance que la journ\u00e9e a d\u00e9marr\u00e9 avec notre traditionnel <strong>RENDEZ-VOUS caf\u00e9 photo\u00a0<\/strong>et\u00a0son d\u00e9roul\u00e9 habituel<strong>\u00a0&#8211;\u00a0<\/strong>dont une intervention m\u00e9morable de Pascal pour\u00a0l&rsquo;agenda qui fera date ! &#8211;\u00a0avec la pr\u00e9sence de\u00a0plus de\u00a050 de nos adh\u00e9rents attentifs et actifs, puisque de m\u00e9moire de CPM, rarement autant de photos avaient \u00e9t\u00e9 pr\u00e9sent\u00e9es lors de la r\u00e9cr\u00e9ation sur un CPM hors les murs. Preuve que malgr\u00e9 la distance, tout le monde avait fait le d\u00e9placement avec ses devoirs de campagne, <strong>MERCI \u00e0 vous !<\/strong> Le repas s&rsquo;est d\u00e9roul\u00e9 en toute convivialit\u00e9 autour d&rsquo;une blanquette tr\u00e8s r\u00e9ussie et une succulente tarte au citron concoct\u00e9s par un restaurateur local.<\/div>\n<div><strong style=\"font-weight: bold !important;\">Pour tous les absents, un petit diaporama pour un retour en images sur\u00a0cette fabuleuse journ\u00e9e !!!!<\/strong><\/div>\n<p><iframe src=\"https:\/\/player.vimeo.com\/video\/124203909\" width=\"500\" height=\"333\" frameborder=\"0\" allowfullscreen=\"allowfullscreen\"><\/iframe><\/p>\n<div>Cette\u00a0journ\u00e9e, anim\u00e9e par les filles, s&rsquo;est ensuite poursuivie par la tr\u00e8s redout\u00e9e lecture de portfolios car la critique est ais\u00e9e mais l&rsquo;Art est difficile ! (cela ne sera pas sans vous rappeler une certaine bulle philo&#8230;) sachant d&rsquo;autant plus que le th\u00e8me \u00e9tait consacr\u00e9 \u00e0&#8230; l&rsquo;autoportrait ! Une mise \u00e0 nue jamais \u00e9vidente pour un photographe. Pour autant, les participants sont pass\u00e9s sur le grill en tout humilit\u00e9 et ont su recevoir avec le sourire\u00a0les conseils et remarques des quelques amateurs et \u00ab\u00a0experts\u00a0\u00bb\u00a0appel\u00e9s pour en d\u00e9battre dont notre\u00a0Alain national accompagn\u00e9 de Roxane Daumas et H\u00e9l\u00e8ne Giannecchini. L&rsquo;apr\u00e8s-midi s&rsquo;est ensuite achev\u00e9e sur une conf\u00e9rence\/rencontre avec&rsquo;H\u00e9l\u00e8ne, \u00e9galement auteure du\u00a0livre \u00ab\u00a0Une image peut-\u00eatre vraie\u00a0\u00bb autour du travail d&rsquo;Alix Cl\u00e9o-Roubaud. Un grand MERCI \u00e0 tous pour votre pr\u00e9sence, en esp\u00e9rant que vous ayez pris plaisir \u00e0 cette journ\u00e9e. Merci \u00e0 Anne et Marie-Anne pour l&rsquo;animation de cette journ\u00e9e organis\u00e9e par leur Atelier de Curiosit\u00e9s, les\u00a0Nouvelles Hybrides et l&rsquo;\u00e9cole Buissonni\u00e8re en partenariat avec le\u00a0Caf\u00e9 Photo Marseille (CPM).<\/div>\n<p><b>\u00a0<\/b><\/p>\n<div id=\"__if72ru4sdfsdfrkjahiuyi_once\" style=\"display: none;\"><\/div>\n<div id=\"__if72ru4sdfsdfruh7fewui_once\" style=\"display: none;\"><\/div>\n<div id=\"__hggasdgjhsagd_once\" style=\"display: none;\"><\/div>\n","protected":false},"excerpt":{"rendered":"<p>Un CPM hors les murs \u00e9tait organis\u00e9 \u00e0 Lauris samedi 28 mars suite \u00e0\u00a0une proposition d&rsquo;Anne et Marie-Anne de\u00a0convier tous nos adh\u00e9rents \u00e0 participer \u00e0 la programmation d&rsquo;une journ\u00e9e traitant de photographie et de litt\u00e9rature. Comme au CPM nous aimons sortir des sentiers battus, nous avons accept\u00e9 cette invitation et c&rsquo;est le coeur plein d&rsquo;entrain &hellip; <\/p>\n<p class=\"link-more\"><a href=\"https:\/\/www.cafephotomarseille.org\/?p=2392\" class=\"more-link\">Lire la suite de<span class=\"screen-reader-text\">\u00ab\u00a0CPM hors les murs : une belle journ\u00e9e \u00e0 Lauris entre photographie &#038; litt\u00e9rature\u00a0\u00bb<\/span><\/a><\/p>\n","protected":false},"author":1,"featured_media":0,"comment_status":"closed","ping_status":"closed","sticky":false,"template":"","format":"standard","meta":{"footnotes":""},"categories":[6,12],"tags":[],"class_list":["post-2392","post","type-post","status-publish","format-standard","hentry","category-agenda","category-rdv-mensuel"],"featured_media_urls":[],"_links":{"self":[{"href":"https:\/\/www.cafephotomarseille.org\/index.php?rest_route=\/wp\/v2\/posts\/2392","targetHints":{"allow":["GET"]}}],"collection":[{"href":"https:\/\/www.cafephotomarseille.org\/index.php?rest_route=\/wp\/v2\/posts"}],"about":[{"href":"https:\/\/www.cafephotomarseille.org\/index.php?rest_route=\/wp\/v2\/types\/post"}],"author":[{"embeddable":true,"href":"https:\/\/www.cafephotomarseille.org\/index.php?rest_route=\/wp\/v2\/users\/1"}],"replies":[{"embeddable":true,"href":"https:\/\/www.cafephotomarseille.org\/index.php?rest_route=%2Fwp%2Fv2%2Fcomments&post=2392"}],"version-history":[{"count":25,"href":"https:\/\/www.cafephotomarseille.org\/index.php?rest_route=\/wp\/v2\/posts\/2392\/revisions"}],"predecessor-version":[{"id":2432,"href":"https:\/\/www.cafephotomarseille.org\/index.php?rest_route=\/wp\/v2\/posts\/2392\/revisions\/2432"}],"wp:attachment":[{"href":"https:\/\/www.cafephotomarseille.org\/index.php?rest_route=%2Fwp%2Fv2%2Fmedia&parent=2392"}],"wp:term":[{"taxonomy":"category","embeddable":true,"href":"https:\/\/www.cafephotomarseille.org\/index.php?rest_route=%2Fwp%2Fv2%2Fcategories&post=2392"},{"taxonomy":"post_tag","embeddable":true,"href":"https:\/\/www.cafephotomarseille.org\/index.php?rest_route=%2Fwp%2Fv2%2Ftags&post=2392"}],"curies":[{"name":"wp","href":"https:\/\/api.w.org\/{rel}","templated":true}]}}