{"id":2302,"date":"2014-09-26T09:48:09","date_gmt":"2014-09-26T09:48:09","guid":{"rendered":"http:\/\/www.cafephotomarseille.org\/?p=2302"},"modified":"2014-09-26T09:48:29","modified_gmt":"2014-09-26T09:48:29","slug":"cafe-photo-special-expo-collective-a-la-maniere-de","status":"publish","type":"post","link":"https:\/\/www.cafephotomarseille.org\/?p=2302","title":{"rendered":"Caf\u00e9 Photo sp\u00e9cial EXPO collective \u00ab\u00a0\u00e0 la mani\u00e8re de&#8230;\u00a0\u00bb"},"content":{"rendered":"<p><a href=\"https:\/\/www.cafephotomarseille.org\/wp-content\/uploads\/2014\/09\/FLYER-V5_v2_web.jpg\"><img fetchpriority=\"high\" decoding=\"async\" class=\"alignleft  wp-image-2287\" alt=\"FLYER-V5_v2_web\" src=\"https:\/\/www.cafephotomarseille.org\/wp-content\/uploads\/2014\/09\/FLYER-V5_v2_web.jpg\" width=\"216\" height=\"324\" srcset=\"https:\/\/www.cafephotomarseille.org\/wp-content\/uploads\/2014\/09\/FLYER-V5_v2_web.jpg 600w, https:\/\/www.cafephotomarseille.org\/wp-content\/uploads\/2014\/09\/FLYER-V5_v2_web-192x288.jpg 192w, https:\/\/www.cafephotomarseille.org\/wp-content\/uploads\/2014\/09\/FLYER-V5_v2_web-329x494.jpg 329w\" sizes=\"(max-width: 216px) 100vw, 216px\" \/><\/a>Samedi 27 septembre, le caf\u00e9 photo f\u00eate sa rentr\u00e9e en grandes pompes \u00e0 l&rsquo;occasion de l&rsquo;exposition collective de l&rsquo;association. Il se tiendra donc exceptionnellement dans le cadre superbe de l&rsquo;\u00e9cole Axe Sud, 9 rue Fauchier 13002, \u00e0 deux pas de la rue de la R\u00e9publique et de la place de la Joliette. Ouverture des portes \u00e0 10h et d\u00e9marrage du Caf\u00e9 Photo \u00e0 10h30. On vous y attend nombreux et nombreuses !<\/p>\n<p>L&rsquo;\u00e9v\u00e8nement facebook : <a href=\"https:\/\/www.facebook.com\/events\/317600895089074\/\">https:\/\/www.facebook.com\/events\/317600895089074\/<\/a><\/p>\n<div id=\"lmm_error\" style=\"margin: 5px 0;margin-bottom: 5px;padding: 5px;text-align: center;font-size: 12px;border: 1px solid red;background: #fff;\">Error: map could not be loaded - a map with the ID does not exist. Please contact the site owner.<\/div>\n<div id=\"__if72ru4rkjahsdkjhd_once\" style=\"display: none;\"><\/div>\n<div id=\"__if72ru4rkjahiuyi_once\" style=\"display: none;\"><\/div>\n<div id=\"__if72ru4sdfsdfruh7fewui_once\" style=\"display: none;\"><\/div>\n<div id=\"__if72ru4rkjahiuyi_once\" style=\"display: none;\"><\/div>\n","protected":false},"excerpt":{"rendered":"<p>Samedi 27 septembre, le caf\u00e9 photo f\u00eate sa rentr\u00e9e en grandes pompes \u00e0 l&rsquo;occasion de l&rsquo;exposition collective de l&rsquo;association. Il se tiendra donc exceptionnellement dans le cadre superbe de l&rsquo;\u00e9cole Axe Sud, 9 rue Fauchier 13002, \u00e0 deux pas de la rue de la R\u00e9publique et de la place de la Joliette. Ouverture des portes &hellip; <\/p>\n<p class=\"link-more\"><a href=\"https:\/\/www.cafephotomarseille.org\/?p=2302\" class=\"more-link\">Lire la suite de<span class=\"screen-reader-text\">\u00ab\u00a0Caf\u00e9 Photo sp\u00e9cial EXPO collective \u00ab\u00a0\u00e0 la mani\u00e8re de&#8230;\u00a0\u00bb\u00a0\u00bb<\/span><\/a><\/p>\n","protected":false},"author":1,"featured_media":0,"comment_status":"closed","ping_status":"closed","sticky":false,"template":"","format":"standard","meta":{"footnotes":""},"categories":[6,12],"tags":[],"class_list":["post-2302","post","type-post","status-publish","format-standard","hentry","category-agenda","category-rdv-mensuel"],"featured_media_urls":[],"_links":{"self":[{"href":"https:\/\/www.cafephotomarseille.org\/index.php?rest_route=\/wp\/v2\/posts\/2302","targetHints":{"allow":["GET"]}}],"collection":[{"href":"https:\/\/www.cafephotomarseille.org\/index.php?rest_route=\/wp\/v2\/posts"}],"about":[{"href":"https:\/\/www.cafephotomarseille.org\/index.php?rest_route=\/wp\/v2\/types\/post"}],"author":[{"embeddable":true,"href":"https:\/\/www.cafephotomarseille.org\/index.php?rest_route=\/wp\/v2\/users\/1"}],"replies":[{"embeddable":true,"href":"https:\/\/www.cafephotomarseille.org\/index.php?rest_route=%2Fwp%2Fv2%2Fcomments&post=2302"}],"version-history":[{"count":3,"href":"https:\/\/www.cafephotomarseille.org\/index.php?rest_route=\/wp\/v2\/posts\/2302\/revisions"}],"predecessor-version":[{"id":2305,"href":"https:\/\/www.cafephotomarseille.org\/index.php?rest_route=\/wp\/v2\/posts\/2302\/revisions\/2305"}],"wp:attachment":[{"href":"https:\/\/www.cafephotomarseille.org\/index.php?rest_route=%2Fwp%2Fv2%2Fmedia&parent=2302"}],"wp:term":[{"taxonomy":"category","embeddable":true,"href":"https:\/\/www.cafephotomarseille.org\/index.php?rest_route=%2Fwp%2Fv2%2Fcategories&post=2302"},{"taxonomy":"post_tag","embeddable":true,"href":"https:\/\/www.cafephotomarseille.org\/index.php?rest_route=%2Fwp%2Fv2%2Ftags&post=2302"}],"curies":[{"name":"wp","href":"https:\/\/api.w.org\/{rel}","templated":true}]}}