{"id":2251,"date":"2014-06-11T09:59:57","date_gmt":"2014-06-11T09:59:57","guid":{"rendered":"http:\/\/www.cafephotomarseille.org\/?p=2251"},"modified":"2014-06-26T18:00:49","modified_gmt":"2014-06-26T18:00:49","slug":"rdv-cpm-de-juin-apero-de-fin-dannee-20132014","status":"publish","type":"post","link":"https:\/\/www.cafephotomarseille.org\/?p=2251","title":{"rendered":"Rdv CPM de juin + ap\u00e9ro de fin de saison 2013\/2014"},"content":{"rendered":"<p>Comme chaque \u00e9t\u00e9, le CPM part en vacances, aussi la saison 2013\/2014 des activit\u00e9s de l&rsquo;association s&rsquo;ach\u00e8ve. Le prochain et dernier rdv du Caf\u00e9 Photo de cette saison est pr\u00e9vu le<strong> samedi 28 juin \u00e0 9h30<\/strong> au 12 rue Dragon 13006 comme habituellement et sera suivi, par un ap\u00e9ro de fin de saison ! Chacun am\u00e8ne ce qu&rsquo;il veut \u00e0 boire et \u00e0 manger pour le partager avec les autres. Sans oublier, vos photos pour les faire partager pendant la r\u00e9cr\u00e9ation ou encore vos livres photos pour qu&rsquo;Alain vous laisse les pr\u00e9senter \u00e0 tous et vos infos agenda, expos etc&#8230; La bulle philo sera ce mois-ci sur le th\u00e8me : \u00ab\u00a0<strong><em>Dernier n\u00e9 des boitiers num\u00e9riques, Lomographie, Polaro\u00efd,\u00a0\u00a0i-phone, ou Chambre, &#8230;<\/em><\/strong> <em><strong>Qu&rsquo;est-ce qui motive nos choix techniques ?<\/strong><\/em>\u00a0\u00bb Tous \u00e0 vos neurones !<\/p>\n<p>De bonnes vacances \u00e0 ceux qui ne pourront \u00eatre pr\u00e9sents et rendez-vous ensuite en septembre pour le caf\u00e9 photo de rentr\u00e9e \u00e0 l&rsquo;occasion de l&rsquo;exposition \u00ab\u00a0A la mani\u00e8re de&#8230;\u00a0\u00bb \u00e0 l&rsquo;\u00e9cole Axe Sud \u00e0 Marseille.<\/p>\n","protected":false},"excerpt":{"rendered":"<p>Comme chaque \u00e9t\u00e9, le CPM part en vacances, aussi la saison 2013\/2014 des activit\u00e9s de l&rsquo;association s&rsquo;ach\u00e8ve. Le prochain et dernier rdv du Caf\u00e9 Photo de cette saison est pr\u00e9vu le samedi 28 juin \u00e0 9h30 au 12 rue Dragon 13006 comme habituellement et sera suivi, par un ap\u00e9ro de fin de saison ! Chacun &hellip; <\/p>\n<p class=\"link-more\"><a href=\"https:\/\/www.cafephotomarseille.org\/?p=2251\" class=\"more-link\">Lire la suite de<span class=\"screen-reader-text\">\u00ab\u00a0Rdv CPM de juin + ap\u00e9ro de fin de saison 2013\/2014\u00a0\u00bb<\/span><\/a><\/p>\n","protected":false},"author":1,"featured_media":0,"comment_status":"closed","ping_status":"closed","sticky":false,"template":"","format":"standard","meta":{"footnotes":""},"categories":[6,12],"tags":[],"class_list":["post-2251","post","type-post","status-publish","format-standard","hentry","category-agenda","category-rdv-mensuel"],"featured_media_urls":[],"_links":{"self":[{"href":"https:\/\/www.cafephotomarseille.org\/index.php?rest_route=\/wp\/v2\/posts\/2251","targetHints":{"allow":["GET"]}}],"collection":[{"href":"https:\/\/www.cafephotomarseille.org\/index.php?rest_route=\/wp\/v2\/posts"}],"about":[{"href":"https:\/\/www.cafephotomarseille.org\/index.php?rest_route=\/wp\/v2\/types\/post"}],"author":[{"embeddable":true,"href":"https:\/\/www.cafephotomarseille.org\/index.php?rest_route=\/wp\/v2\/users\/1"}],"replies":[{"embeddable":true,"href":"https:\/\/www.cafephotomarseille.org\/index.php?rest_route=%2Fwp%2Fv2%2Fcomments&post=2251"}],"version-history":[{"count":5,"href":"https:\/\/www.cafephotomarseille.org\/index.php?rest_route=\/wp\/v2\/posts\/2251\/revisions"}],"predecessor-version":[{"id":2261,"href":"https:\/\/www.cafephotomarseille.org\/index.php?rest_route=\/wp\/v2\/posts\/2251\/revisions\/2261"}],"wp:attachment":[{"href":"https:\/\/www.cafephotomarseille.org\/index.php?rest_route=%2Fwp%2Fv2%2Fmedia&parent=2251"}],"wp:term":[{"taxonomy":"category","embeddable":true,"href":"https:\/\/www.cafephotomarseille.org\/index.php?rest_route=%2Fwp%2Fv2%2Fcategories&post=2251"},{"taxonomy":"post_tag","embeddable":true,"href":"https:\/\/www.cafephotomarseille.org\/index.php?rest_route=%2Fwp%2Fv2%2Ftags&post=2251"}],"curies":[{"name":"wp","href":"https:\/\/api.w.org\/{rel}","templated":true}]}}