{"id":2233,"date":"2014-05-11T16:36:43","date_gmt":"2014-05-11T16:36:43","guid":{"rendered":"http:\/\/www.cafephotomarseille.org\/?p=2233"},"modified":"2014-05-11T16:38:28","modified_gmt":"2014-05-11T16:38:28","slug":"appel-a-projet-2014-a-la-maniere-de","status":"publish","type":"post","link":"https:\/\/www.cafephotomarseille.org\/?p=2233","title":{"rendered":"Appel \u00e0 projet 2014 : \u00e0 la mani\u00e8re de&#8230;"},"content":{"rendered":"<p>L&rsquo;appel \u00e0 projet 2014 r\u00e9serv\u00e9 \u00e0 nos adh\u00e9rents lanc\u00e9 en janvier 2014 est cette ann\u00e9e sur le th\u00e8me \u00ab\u00a0A la mani\u00e8re de&#8230;\u00a0\u00bb<br \/>\nLes photographes d\u00e9sireux de participer doivent \u00eatre adh\u00e9rents \u00e0 l&rsquo;association et envoyer leur dossier de candidature avant le 31 mai 2014.<br \/>\nUne grande exposition collective sera organis\u00e9e \u00e0 l&rsquo;\u00e9cole Axe Sud \u00e0 la mi-septembre 2014 avec de nombreuses animations sur 4 weekends.<br \/>\nVous pouvez t\u00e9l\u00e9charger le formulaire de participation et le r\u00e8glement de cet appel \u00e0 projet en cliquant sur le lien : <a href=\"https:\/\/www.cafephotomarseille.org\/wp-content\/uploads\/2014\/05\/DOSSIER-DE-CANDIDATURE-APPEL-A-PROJET-CPM2014.pdf\" target=\"_blank\">appel \u00e0 projets 2014 CPM<\/a><\/p>\n","protected":false},"excerpt":{"rendered":"<p>L&rsquo;appel \u00e0 projet 2014 r\u00e9serv\u00e9 \u00e0 nos adh\u00e9rents lanc\u00e9 en janvier 2014 est cette ann\u00e9e sur le th\u00e8me \u00ab\u00a0A la mani\u00e8re de&#8230;\u00a0\u00bb Les photographes d\u00e9sireux de participer doivent \u00eatre adh\u00e9rents \u00e0 l&rsquo;association et envoyer leur dossier de candidature avant le 31 mai 2014. Une grande exposition collective sera organis\u00e9e \u00e0 l&rsquo;\u00e9cole Axe Sud \u00e0 la &hellip; <\/p>\n<p class=\"link-more\"><a href=\"https:\/\/www.cafephotomarseille.org\/?p=2233\" class=\"more-link\">Lire la suite de<span class=\"screen-reader-text\">\u00ab\u00a0Appel \u00e0 projet 2014 : \u00e0 la mani\u00e8re de&#8230;\u00a0\u00bb<\/span><\/a><\/p>\n","protected":false},"author":1,"featured_media":0,"comment_status":"closed","ping_status":"closed","sticky":false,"template":"","format":"standard","meta":{"footnotes":""},"categories":[65],"tags":[],"class_list":["post-2233","post","type-post","status-publish","format-standard","hentry","category-projets"],"featured_media_urls":[],"_links":{"self":[{"href":"https:\/\/www.cafephotomarseille.org\/index.php?rest_route=\/wp\/v2\/posts\/2233","targetHints":{"allow":["GET"]}}],"collection":[{"href":"https:\/\/www.cafephotomarseille.org\/index.php?rest_route=\/wp\/v2\/posts"}],"about":[{"href":"https:\/\/www.cafephotomarseille.org\/index.php?rest_route=\/wp\/v2\/types\/post"}],"author":[{"embeddable":true,"href":"https:\/\/www.cafephotomarseille.org\/index.php?rest_route=\/wp\/v2\/users\/1"}],"replies":[{"embeddable":true,"href":"https:\/\/www.cafephotomarseille.org\/index.php?rest_route=%2Fwp%2Fv2%2Fcomments&post=2233"}],"version-history":[{"count":2,"href":"https:\/\/www.cafephotomarseille.org\/index.php?rest_route=\/wp\/v2\/posts\/2233\/revisions"}],"predecessor-version":[{"id":2236,"href":"https:\/\/www.cafephotomarseille.org\/index.php?rest_route=\/wp\/v2\/posts\/2233\/revisions\/2236"}],"wp:attachment":[{"href":"https:\/\/www.cafephotomarseille.org\/index.php?rest_route=%2Fwp%2Fv2%2Fmedia&parent=2233"}],"wp:term":[{"taxonomy":"category","embeddable":true,"href":"https:\/\/www.cafephotomarseille.org\/index.php?rest_route=%2Fwp%2Fv2%2Fcategories&post=2233"},{"taxonomy":"post_tag","embeddable":true,"href":"https:\/\/www.cafephotomarseille.org\/index.php?rest_route=%2Fwp%2Fv2%2Ftags&post=2233"}],"curies":[{"name":"wp","href":"https:\/\/api.w.org\/{rel}","templated":true}]}}