{"id":2229,"date":"2014-05-07T08:48:29","date_gmt":"2014-05-07T08:48:29","guid":{"rendered":"http:\/\/www.cafephotomarseille.org\/?p=2229"},"modified":"2014-05-07T08:49:11","modified_gmt":"2014-05-07T08:49:11","slug":"sortie-cpm-au-festival-europeen-de-photographie-du-nu-darles","status":"publish","type":"post","link":"https:\/\/www.cafephotomarseille.org\/?p=2229","title":{"rendered":"Sortie CPM au festival europ\u00e9en de photographie du Nu d&rsquo;Arles"},"content":{"rendered":"<p style=\"text-align: center;\"><img fetchpriority=\"high\" decoding=\"async\" class=\" wp-image-2230 aligncenter\" alt=\"affiche\" src=\"https:\/\/www.cafephotomarseille.org\/wp-content\/uploads\/2014\/05\/affiche.jpg\" width=\"653\" height=\"320\" srcset=\"https:\/\/www.cafephotomarseille.org\/wp-content\/uploads\/2014\/05\/affiche.jpg 1020w, https:\/\/www.cafephotomarseille.org\/wp-content\/uploads\/2014\/05\/affiche-288x141.jpg 288w, https:\/\/www.cafephotomarseille.org\/wp-content\/uploads\/2014\/05\/affiche-494x242.jpg 494w\" sizes=\"(max-width: 653px) 100vw, 653px\" \/><strong>Samedi 10 mai, rendez-vous est donn\u00e9 \u00e0 9h30\/10h \u00e0 l&rsquo;espace Van Gogh \u00e0 Arles<\/strong> pour d\u00e9couvrir l&rsquo;\u00e9dition 2014 du festival du Nu d&rsquo;Arles o\u00f9 d\u00e9j\u00e0 2 membres du CPM exposent, JC Sanchez et Fabrice Leroux, bravo \u00e0 eux !<\/p>\n<p>La billetterie est sur place.<\/p>\n<p>Le repas sera libre, un horaire et un lieu de rdv\u00a0 pour visiter la suite des expositions sera donn\u00e9 sur place. Si vous avez loup\u00e9 le d\u00e9marrage et que vous souhaitez nous rejoindre, appelez nous sur le num\u00e9ro de l&rsquo;association : <strong>07 81 64 96 00<\/strong><\/p>\n<p>Pour ceux qui auraient des soucis de v\u00e9hicules, <strong>un co-voiturage est organis\u00e9 sur la page facebook de l&rsquo;\u00e9v\u00e8nement et orchestr\u00e9 par Alain qui a fix\u00e9 rendez-vous \u00e0 8h15 \u00e0 l&rsquo;h\u00f4tel du d\u00e9partement quartier St Just \u00e0 Marseille<\/strong>, pour co-voiturer. Que ceux qui ont un v\u00e9hicule et surtout des places, se retrouvent l\u00e0 bas pour r\u00e9cup\u00e9rer les non-v\u00e9hicul\u00e9s. Merci et \u00e0 samedi !<\/p>\n<p>&nbsp;<\/p>\n","protected":false},"excerpt":{"rendered":"<p>Samedi 10 mai, rendez-vous est donn\u00e9 \u00e0 9h30\/10h \u00e0 l&rsquo;espace Van Gogh \u00e0 Arles pour d\u00e9couvrir l&rsquo;\u00e9dition 2014 du festival du Nu d&rsquo;Arles o\u00f9 d\u00e9j\u00e0 2 membres du CPM exposent, JC Sanchez et Fabrice Leroux, bravo \u00e0 eux ! La billetterie est sur place. Le repas sera libre, un horaire et un lieu de rdv\u00a0 &hellip; <\/p>\n<p class=\"link-more\"><a href=\"https:\/\/www.cafephotomarseille.org\/?p=2229\" class=\"more-link\">Lire la suite de<span class=\"screen-reader-text\">\u00ab\u00a0Sortie CPM au festival europ\u00e9en de photographie du Nu d&rsquo;Arles\u00a0\u00bb<\/span><\/a><\/p>\n","protected":false},"author":1,"featured_media":0,"comment_status":"closed","ping_status":"closed","sticky":false,"template":"","format":"standard","meta":{"footnotes":""},"categories":[6,12],"tags":[],"class_list":["post-2229","post","type-post","status-publish","format-standard","hentry","category-agenda","category-rdv-mensuel"],"featured_media_urls":[],"_links":{"self":[{"href":"https:\/\/www.cafephotomarseille.org\/index.php?rest_route=\/wp\/v2\/posts\/2229","targetHints":{"allow":["GET"]}}],"collection":[{"href":"https:\/\/www.cafephotomarseille.org\/index.php?rest_route=\/wp\/v2\/posts"}],"about":[{"href":"https:\/\/www.cafephotomarseille.org\/index.php?rest_route=\/wp\/v2\/types\/post"}],"author":[{"embeddable":true,"href":"https:\/\/www.cafephotomarseille.org\/index.php?rest_route=\/wp\/v2\/users\/1"}],"replies":[{"embeddable":true,"href":"https:\/\/www.cafephotomarseille.org\/index.php?rest_route=%2Fwp%2Fv2%2Fcomments&post=2229"}],"version-history":[{"count":2,"href":"https:\/\/www.cafephotomarseille.org\/index.php?rest_route=\/wp\/v2\/posts\/2229\/revisions"}],"predecessor-version":[{"id":2232,"href":"https:\/\/www.cafephotomarseille.org\/index.php?rest_route=\/wp\/v2\/posts\/2229\/revisions\/2232"}],"wp:attachment":[{"href":"https:\/\/www.cafephotomarseille.org\/index.php?rest_route=%2Fwp%2Fv2%2Fmedia&parent=2229"}],"wp:term":[{"taxonomy":"category","embeddable":true,"href":"https:\/\/www.cafephotomarseille.org\/index.php?rest_route=%2Fwp%2Fv2%2Fcategories&post=2229"},{"taxonomy":"post_tag","embeddable":true,"href":"https:\/\/www.cafephotomarseille.org\/index.php?rest_route=%2Fwp%2Fv2%2Ftags&post=2229"}],"curies":[{"name":"wp","href":"https:\/\/api.w.org\/{rel}","templated":true}]}}