{"id":2223,"date":"2014-04-16T07:47:54","date_gmt":"2014-04-16T07:47:54","guid":{"rendered":"http:\/\/www.cafephotomarseille.org\/?p=2223"},"modified":"2014-04-16T07:48:13","modified_gmt":"2014-04-16T07:48:13","slug":"rdv-davril-2014-samedi-26-avril","status":"publish","type":"post","link":"https:\/\/www.cafephotomarseille.org\/?p=2223","title":{"rendered":"Rdv d&rsquo;avril 2014 : samedi 26 avril"},"content":{"rendered":"<p>Notre r\u00e9union du caf\u00e9 photo se tiendra <strong>samedi 26 avril \u00e0 9h30 au FJT 12 rue Dragon 13006<\/strong>. Elle est ouverte aux adh\u00e9rents et aux non-adh\u00e9rents de l&rsquo;association, fid\u00e8les \u00e0 l&rsquo;id\u00e9ologie d&rsquo;ouverture de notre association.<br \/>\nAu programme, points sur l&rsquo;avanc\u00e9e des projets en cours, dates d&rsquo;agenda, dates de sorties commune pour le mois de mai avec le festival du nu et le festival Photomed, point sur la newsletter, la bulle philo avec pour sujet \u00ab\u00a04\/3, carr\u00e9, panoramique&#8230; le format photographique est-il porteur de sens ?\u00a0\u00bb. Michel G. on compte sur toi !<\/p>\n<p>A tr\u00e8s bient\u00f4t<\/p>\n<div id=\"lmm_error\" style=\"margin: 5px 0;margin-bottom: 5px;padding: 5px;text-align: center;font-size: 12px;border: 1px solid red;background: #fff;\">Error: map could not be loaded - a map with the ID does not exist. Please contact the site owner.<\/div>\n","protected":false},"excerpt":{"rendered":"<p>Notre r\u00e9union du caf\u00e9 photo se tiendra samedi 26 avril \u00e0 9h30 au FJT 12 rue Dragon 13006. Elle est ouverte aux adh\u00e9rents et aux non-adh\u00e9rents de l&rsquo;association, fid\u00e8les \u00e0 l&rsquo;id\u00e9ologie d&rsquo;ouverture de notre association. Au programme, points sur l&rsquo;avanc\u00e9e des projets en cours, dates d&rsquo;agenda, dates de sorties commune pour le mois de mai &hellip; <\/p>\n<p class=\"link-more\"><a href=\"https:\/\/www.cafephotomarseille.org\/?p=2223\" class=\"more-link\">Lire la suite de<span class=\"screen-reader-text\">\u00ab\u00a0Rdv d&rsquo;avril 2014 : samedi 26 avril\u00a0\u00bb<\/span><\/a><\/p>\n","protected":false},"author":1,"featured_media":0,"comment_status":"closed","ping_status":"closed","sticky":false,"template":"","format":"standard","meta":{"footnotes":""},"categories":[6,12],"tags":[],"class_list":["post-2223","post","type-post","status-publish","format-standard","hentry","category-agenda","category-rdv-mensuel"],"featured_media_urls":[],"_links":{"self":[{"href":"https:\/\/www.cafephotomarseille.org\/index.php?rest_route=\/wp\/v2\/posts\/2223","targetHints":{"allow":["GET"]}}],"collection":[{"href":"https:\/\/www.cafephotomarseille.org\/index.php?rest_route=\/wp\/v2\/posts"}],"about":[{"href":"https:\/\/www.cafephotomarseille.org\/index.php?rest_route=\/wp\/v2\/types\/post"}],"author":[{"embeddable":true,"href":"https:\/\/www.cafephotomarseille.org\/index.php?rest_route=\/wp\/v2\/users\/1"}],"replies":[{"embeddable":true,"href":"https:\/\/www.cafephotomarseille.org\/index.php?rest_route=%2Fwp%2Fv2%2Fcomments&post=2223"}],"version-history":[{"count":2,"href":"https:\/\/www.cafephotomarseille.org\/index.php?rest_route=\/wp\/v2\/posts\/2223\/revisions"}],"predecessor-version":[{"id":2225,"href":"https:\/\/www.cafephotomarseille.org\/index.php?rest_route=\/wp\/v2\/posts\/2223\/revisions\/2225"}],"wp:attachment":[{"href":"https:\/\/www.cafephotomarseille.org\/index.php?rest_route=%2Fwp%2Fv2%2Fmedia&parent=2223"}],"wp:term":[{"taxonomy":"category","embeddable":true,"href":"https:\/\/www.cafephotomarseille.org\/index.php?rest_route=%2Fwp%2Fv2%2Fcategories&post=2223"},{"taxonomy":"post_tag","embeddable":true,"href":"https:\/\/www.cafephotomarseille.org\/index.php?rest_route=%2Fwp%2Fv2%2Ftags&post=2223"}],"curies":[{"name":"wp","href":"https:\/\/api.w.org\/{rel}","templated":true}]}}