{"id":2123,"date":"2013-09-19T11:06:46","date_gmt":"2013-09-19T11:06:46","guid":{"rendered":"http:\/\/www.cafephotomarseille.org\/?p=2123"},"modified":"2013-09-19T11:34:36","modified_gmt":"2013-09-19T11:34:36","slug":"exposition-ensembles-retour-le-premier-vernissage","status":"publish","type":"post","link":"https:\/\/www.cafephotomarseille.org\/?p=2123","title":{"rendered":"Exposition ensemble(s) : premier bilan en images avant la seconde quinzaine photographique !"},"content":{"rendered":"<p style=\"text-align: center;\"><a href=\"https:\/\/www.cafephotomarseille.org\/wp-content\/uploads\/2013\/09\/INVITATION-VIP-EXPO-ENSEMBLES_WEB.jpg\"><img fetchpriority=\"high\" decoding=\"async\" class=\"wp-image-2146 aligncenter\" alt=\"INVITATION-VIP-EXPO-ENSEMBLES_WEB\" src=\"https:\/\/www.cafephotomarseille.org\/wp-content\/uploads\/2013\/09\/INVITATION-VIP-EXPO-ENSEMBLES_WEB.jpg\" width=\"540\" height=\"299\" srcset=\"https:\/\/www.cafephotomarseille.org\/wp-content\/uploads\/2013\/09\/INVITATION-VIP-EXPO-ENSEMBLES_WEB.jpg 900w, https:\/\/www.cafephotomarseille.org\/wp-content\/uploads\/2013\/09\/INVITATION-VIP-EXPO-ENSEMBLES_WEB-288x159.jpg 288w, https:\/\/www.cafephotomarseille.org\/wp-content\/uploads\/2013\/09\/INVITATION-VIP-EXPO-ENSEMBLES_WEB-494x273.jpg 494w\" sizes=\"(max-width: 540px) 100vw, 540px\" \/><\/a><\/p>\n<p style=\"text-align: left;\">La premi\u00e8re quinzaine photographique de l&rsquo;exposition collective ensemble a d\u00e9marr\u00e9 samedi 14 septembre avec \u00e0 10h30 la conf\u00e9rence intitul\u00e9e \u00ab\u00a0Le polaroid : mythe ou r\u00e9alit\u00e9 ?\u00a0\u00bb. Plus d&rsquo;une soixantaine de personnes avaient fait le d\u00e9placement pour d\u00e9couvrir ou approfondir leurs connaissances sur les appareils, films mais aussi techniques cr\u00e9atives autour du Polaroid, objet mythique et pourtant bien r\u00e9\u00e9l. Les intervenants &#8211; <em>Jeanne Rossetto, Pascal Bousquet, Alain Giraud, Philippe Garcin-Marcon et Sophie Gotti<\/em> &#8211; ont tour \u00e0 tour bross\u00e9 l&rsquo;historique de la marque avec une pr\u00e9sentation haute en couleurs d&rsquo;Alain revenant sur les grands noms et utilisateurs du polaroid \u00e0 travers l&rsquo;histoire comme, entre autres, l&rsquo;illustre Andy Wharol. Philippe et Pascal lui ont ensuite emboit\u00e9 le pas avec la pr\u00e9sentation des appareils et des films disponibles sur le march\u00e9 en parlant \u00e9galement des grands forums et communaut\u00e9s existantes en France comme polaroid passion ou 1instants et qui peuvent permettre aux novices de progresser ou de se rassembler autour de leur passion. Mais apr\u00e8s la technique, place \u00e0 l&rsquo;artistique avec Jeanne et Sophie, qui, bien loin des consid\u00e9rations techniques, sont revenues toutes deux sur l&rsquo;utilisation du polaroid comme support, objet \u00e0 la cr\u00e9ation. Et dans ce domaine les d\u00e9viances ne manquent pas ! Tritur\u00e9, ouvert, gratt\u00e9, coll\u00e9, peint, tout est possible, la seule limite \u00e9tant son imagination. Ce fut l&rsquo;occasion \u00e9galement de montrer le travail d&rsquo;autres photographes inscrits dans la d\u00e9marche comme Thomas Ville, Sarah Sen\u00e9 alias Sarahland, St\u00e9fanie Schneider&#8230; Le public a semble-t-il \u00e9t\u00e9 enchant\u00e9 par la vari\u00e9t\u00e9 des approches sur la question. Merci !<\/p>\n<p style=\"text-align: left;\">La matin\u00e9e d&rsquo;ouverture s&rsquo;est enfin conclue autour du verre de l&rsquo;amiti\u00e9 &#8211; et surtout des succulents beurreks cuisin\u00e9s par Robert &#8211; l&rsquo;occasion pour certains de poursuivre la conf\u00e9rence en posant leurs questions aux conf\u00e9renciers ou de venir \u00e0 la rencontre des photographes expliquant leur d\u00e9marche photographique sur les deux \u00e9tages que compte l&rsquo;exposition.<\/p>\n<p style=\"text-align: left;\">\nRien que sur 2 jours &#8211; les 14 et 15 sept. &#8211; , 95 visiteurs ont d\u00e9j\u00e0 d\u00e9couvert l&rsquo;exposition ! Bravo et merci pour les photographes de la premi\u00e8re quinzaine photographique &#8211; <em>J\u00e9r\u00f4me Acquisto, Pascal Bousquet, Robert Tomassian, Anne Barroil, Marie-Anne Hauth, Christelle Baunez, Jean-Marc Valladier, St\u00e9phane Arnaud, Amandine Suner<\/em> &#8211;\u00a0 dont<strong> vous pouvez venir voir les photos encore ce weekend des 21 et 22 septembre \u00e0 l&rsquo;\u00e9cole Axe Sud<\/strong>, 9 rue Fauchier 13002 \/ m\u00e9tro Joliette &#8211; de 10h \u00e0 17h en continu.<\/p>\n<p style=\"text-align: left;\">Merci aux deux directeurs de l&rsquo;\u00e9cole Axe Sud de nous accueillir et en particulier \u00e0 Fran\u00e7ois Garcia-Panzani pour sa confiance sur ce projet !<\/p>\n<blockquote><p>Le vernissage de la seconde quinzaine photographique se tiendra <strong>samedi 28 septembre avec \u00e0 10h30 le traditionnel caf\u00e9 photo<\/strong> suivi du verre de l&rsquo;amiti\u00e9. Ce sera l&rsquo;occasion de d\u00e9couvrir les 9 derni\u00e8res s\u00e9ries de cette exposition &#8211; avec Georges Cuny, Fabrice Leroux, Marie-Laure Delfau de Belfort, Caroline Schott, Sophie Gotti, Michel Brack, Andr\u00e9 Allio, Delphine Duquesne et Sergio Cavaloni &#8211; sur le th\u00e8me Ensemble(s) et \u00e0 Marseille.<\/p><\/blockquote>\n<p>En attendant, petit retour en images sur le vernissage du 14 septembre. Si certains l&rsquo;ont entendu, la pr\u00e9sidente du CPM Sophie Gotti est pass\u00e9e en direct \u00e0 11h20 sur l&rsquo;antenne de France Bleue Provence pour pr\u00e9senter l&rsquo;exposition et l&rsquo;association. Podcast \u00e0 venir dans la revue de presse de l&rsquo;expo ! <em>(rubrique en construction &#8211; merci pour votre patience)<\/em><\/p>\n<figure id=\"attachment_2124\" aria-describedby=\"caption-attachment-2124\" style=\"width: 576px\" class=\"wp-caption alignleft\"><a href=\"https:\/\/www.cafephotomarseille.org\/wp-content\/uploads\/2013\/09\/image_1.jpeg\"><img decoding=\"async\" class=\" wp-image-2124 \" alt=\"La conf\u00e9rence ouvre le premier vernissage de l'exposition\" src=\"https:\/\/www.cafephotomarseille.org\/wp-content\/uploads\/2013\/09\/image_1.jpeg\" width=\"576\" height=\"383\" srcset=\"https:\/\/www.cafephotomarseille.org\/wp-content\/uploads\/2013\/09\/image_1.jpeg 640w, https:\/\/www.cafephotomarseille.org\/wp-content\/uploads\/2013\/09\/image_1-288x191.jpeg 288w, https:\/\/www.cafephotomarseille.org\/wp-content\/uploads\/2013\/09\/image_1-494x328.jpeg 494w\" sizes=\"(max-width: 576px) 100vw, 576px\" \/><\/a><figcaption id=\"caption-attachment-2124\" class=\"wp-caption-text\">La conf\u00e9rence ouvre le premier vernissage de l&rsquo;exposition<\/figcaption><\/figure>\n<figure id=\"attachment_2129\" aria-describedby=\"caption-attachment-2129\" style=\"width: 576px\" class=\"wp-caption alignleft\"><a href=\"https:\/\/www.cafephotomarseille.org\/wp-content\/uploads\/2013\/09\/image_7.jpeg\"><img decoding=\"async\" class=\" wp-image-2129 \" alt=\"Alain, en pleine pr\u00e9sentation \" src=\"https:\/\/www.cafephotomarseille.org\/wp-content\/uploads\/2013\/09\/image_7.jpeg\" width=\"576\" height=\"382\" srcset=\"https:\/\/www.cafephotomarseille.org\/wp-content\/uploads\/2013\/09\/image_7.jpeg 720w, https:\/\/www.cafephotomarseille.org\/wp-content\/uploads\/2013\/09\/image_7-288x190.jpeg 288w, https:\/\/www.cafephotomarseille.org\/wp-content\/uploads\/2013\/09\/image_7-494x327.jpeg 494w\" sizes=\"(max-width: 576px) 100vw, 576px\" \/><\/a><figcaption id=\"caption-attachment-2129\" class=\"wp-caption-text\">Alain, en pleine pr\u00e9sentation<\/figcaption><\/figure>\n<p>&nbsp;<\/p>\n<figure id=\"attachment_2130\" aria-describedby=\"caption-attachment-2130\" style=\"width: 576px\" class=\"wp-caption alignleft\"><a href=\"https:\/\/www.cafephotomarseille.org\/wp-content\/uploads\/2013\/09\/image_8.jpeg\"><img loading=\"lazy\" decoding=\"async\" class=\" wp-image-2130 \" alt=\"Philippe au milieu de ses appareils, le coin des techniciens\" src=\"https:\/\/www.cafephotomarseille.org\/wp-content\/uploads\/2013\/09\/image_8.jpeg\" width=\"576\" height=\"382\" srcset=\"https:\/\/www.cafephotomarseille.org\/wp-content\/uploads\/2013\/09\/image_8.jpeg 720w, https:\/\/www.cafephotomarseille.org\/wp-content\/uploads\/2013\/09\/image_8-288x190.jpeg 288w, https:\/\/www.cafephotomarseille.org\/wp-content\/uploads\/2013\/09\/image_8-494x327.jpeg 494w\" sizes=\"(max-width: 576px) 100vw, 576px\" \/><\/a><figcaption id=\"caption-attachment-2130\" class=\"wp-caption-text\">Philippe au milieu de ses appareils, le coin des techniciens<\/figcaption><\/figure>\n<figure id=\"attachment_2128\" aria-describedby=\"caption-attachment-2128\" style=\"width: 560px\" class=\"wp-caption alignleft\"><a href=\"https:\/\/www.cafephotomarseille.org\/wp-content\/uploads\/2013\/09\/image_6.jpeg\"><img loading=\"lazy\" decoding=\"async\" class=\" wp-image-2128 \" alt=\"Pascal au milieu de ses appareils, le coin des techniciens\" src=\"https:\/\/www.cafephotomarseille.org\/wp-content\/uploads\/2013\/09\/image_6.jpeg\" width=\"560\" height=\"371\" srcset=\"https:\/\/www.cafephotomarseille.org\/wp-content\/uploads\/2013\/09\/image_6.jpeg 800w, https:\/\/www.cafephotomarseille.org\/wp-content\/uploads\/2013\/09\/image_6-288x190.jpeg 288w, https:\/\/www.cafephotomarseille.org\/wp-content\/uploads\/2013\/09\/image_6-494x327.jpeg 494w\" sizes=\"(max-width: 560px) 100vw, 560px\" \/><\/a><figcaption id=\"caption-attachment-2128\" class=\"wp-caption-text\">Pascal au milieu de ses appareils, le coin des techniciens<\/figcaption><\/figure>\n<figure id=\"attachment_2131\" aria-describedby=\"caption-attachment-2131\" style=\"width: 560px\" class=\"wp-caption alignleft\"><a href=\"https:\/\/www.cafephotomarseille.org\/wp-content\/uploads\/2013\/09\/image_9.jpeg\"><img loading=\"lazy\" decoding=\"async\" class=\" wp-image-2131 \" alt=\"Jeanne et ses polaroids\" src=\"https:\/\/www.cafephotomarseille.org\/wp-content\/uploads\/2013\/09\/image_9.jpeg\" width=\"560\" height=\"371\" srcset=\"https:\/\/www.cafephotomarseille.org\/wp-content\/uploads\/2013\/09\/image_9.jpeg 800w, https:\/\/www.cafephotomarseille.org\/wp-content\/uploads\/2013\/09\/image_9-288x190.jpeg 288w, https:\/\/www.cafephotomarseille.org\/wp-content\/uploads\/2013\/09\/image_9-494x327.jpeg 494w\" sizes=\"(max-width: 560px) 100vw, 560px\" \/><\/a><figcaption id=\"caption-attachment-2131\" class=\"wp-caption-text\">Jeanne et ses polaroids<\/figcaption><\/figure>\n<figure id=\"attachment_2132\" aria-describedby=\"caption-attachment-2132\" style=\"width: 560px\" class=\"wp-caption alignleft\"><a href=\"https:\/\/www.cafephotomarseille.org\/wp-content\/uploads\/2013\/09\/image_10.jpeg\"><img loading=\"lazy\" decoding=\"async\" class=\" wp-image-2132 \" alt=\"Le public\" src=\"https:\/\/www.cafephotomarseille.org\/wp-content\/uploads\/2013\/09\/image_10.jpeg\" width=\"560\" height=\"371\" srcset=\"https:\/\/www.cafephotomarseille.org\/wp-content\/uploads\/2013\/09\/image_10.jpeg 800w, https:\/\/www.cafephotomarseille.org\/wp-content\/uploads\/2013\/09\/image_10-288x190.jpeg 288w, https:\/\/www.cafephotomarseille.org\/wp-content\/uploads\/2013\/09\/image_10-494x327.jpeg 494w\" sizes=\"(max-width: 560px) 100vw, 560px\" \/><\/a><figcaption id=\"caption-attachment-2132\" class=\"wp-caption-text\">Le public<\/figcaption><\/figure>\n<figure id=\"attachment_2133\" aria-describedby=\"caption-attachment-2133\" style=\"width: 560px\" class=\"wp-caption alignleft\"><a href=\"https:\/\/www.cafephotomarseille.org\/wp-content\/uploads\/2013\/09\/image_12.jpeg\"><img loading=\"lazy\" decoding=\"async\" class=\" wp-image-2133 \" alt=\"Sophie pr\u00e9sentant le travail de Sarahland\" src=\"https:\/\/www.cafephotomarseille.org\/wp-content\/uploads\/2013\/09\/image_12.jpeg\" width=\"560\" height=\"371\" srcset=\"https:\/\/www.cafephotomarseille.org\/wp-content\/uploads\/2013\/09\/image_12.jpeg 800w, https:\/\/www.cafephotomarseille.org\/wp-content\/uploads\/2013\/09\/image_12-288x190.jpeg 288w, https:\/\/www.cafephotomarseille.org\/wp-content\/uploads\/2013\/09\/image_12-494x327.jpeg 494w\" sizes=\"(max-width: 560px) 100vw, 560px\" \/><\/a><figcaption id=\"caption-attachment-2133\" class=\"wp-caption-text\">Sophie pr\u00e9sentant le travail de Sarahland<\/figcaption><\/figure>\n<figure id=\"attachment_2134\" aria-describedby=\"caption-attachment-2134\" style=\"width: 560px\" class=\"wp-caption alignnone\"><a href=\"https:\/\/www.cafephotomarseille.org\/wp-content\/uploads\/2013\/09\/image_13.jpeg\"><img loading=\"lazy\" decoding=\"async\" class=\" wp-image-2134\" alt=\"Pendant ce temps l\u00e0, Bernard et Delphine assurent un accueil de choc et de charme !\" src=\"https:\/\/www.cafephotomarseille.org\/wp-content\/uploads\/2013\/09\/image_13.jpeg\" width=\"560\" height=\"371\" srcset=\"https:\/\/www.cafephotomarseille.org\/wp-content\/uploads\/2013\/09\/image_13.jpeg 800w, https:\/\/www.cafephotomarseille.org\/wp-content\/uploads\/2013\/09\/image_13-288x190.jpeg 288w, https:\/\/www.cafephotomarseille.org\/wp-content\/uploads\/2013\/09\/image_13-494x327.jpeg 494w\" sizes=\"(max-width: 560px) 100vw, 560px\" \/><\/a><figcaption id=\"caption-attachment-2134\" class=\"wp-caption-text\">L&rsquo;accueil de choc et de charme avec Bernard et Delphine !<\/figcaption><\/figure>\n<p>&nbsp;<\/p>\n<figure id=\"attachment_2125\" aria-describedby=\"caption-attachment-2125\" style=\"width: 560px\" class=\"wp-caption alignnone\"><a href=\"https:\/\/www.cafephotomarseille.org\/wp-content\/uploads\/2013\/09\/image_3.jpeg\"><img loading=\"lazy\" decoding=\"async\" class=\" wp-image-2125\" alt=\"Mais les visiteurs \u00e9taient surtout l\u00e0 pour d\u00e9couvrir les photos !\" src=\"https:\/\/www.cafephotomarseille.org\/wp-content\/uploads\/2013\/09\/image_3.jpeg\" width=\"560\" height=\"371\" srcset=\"https:\/\/www.cafephotomarseille.org\/wp-content\/uploads\/2013\/09\/image_3.jpeg 800w, https:\/\/www.cafephotomarseille.org\/wp-content\/uploads\/2013\/09\/image_3-288x190.jpeg 288w, https:\/\/www.cafephotomarseille.org\/wp-content\/uploads\/2013\/09\/image_3-494x327.jpeg 494w\" sizes=\"(max-width: 560px) 100vw, 560px\" \/><\/a><figcaption id=\"caption-attachment-2125\" class=\"wp-caption-text\">N&rsquo;oublions pas que les visiteurs \u00e9taient surtout l\u00e0 pour d\u00e9couvrir les photos !<\/figcaption><\/figure>\n<figure id=\"attachment_2145\" aria-describedby=\"caption-attachment-2145\" style=\"width: 576px\" class=\"wp-caption alignleft\"><a href=\"https:\/\/www.cafephotomarseille.org\/wp-content\/uploads\/2013\/09\/image.jpeg\"><img loading=\"lazy\" decoding=\"async\" class=\" wp-image-2145\" alt=\"image\" src=\"https:\/\/www.cafephotomarseille.org\/wp-content\/uploads\/2013\/09\/image.jpeg\" width=\"576\" height=\"432\" srcset=\"https:\/\/www.cafephotomarseille.org\/wp-content\/uploads\/2013\/09\/image.jpeg 720w, https:\/\/www.cafephotomarseille.org\/wp-content\/uploads\/2013\/09\/image-288x216.jpeg 288w, https:\/\/www.cafephotomarseille.org\/wp-content\/uploads\/2013\/09\/image-494x370.jpeg 494w\" sizes=\"(max-width: 576px) 100vw, 576px\" \/><\/a><figcaption id=\"caption-attachment-2145\" class=\"wp-caption-text\">Le livre d&rsquo;or se remplit !<\/figcaption><\/figure>\n<p>&nbsp;<\/p>\n<figure id=\"attachment_2126\" aria-describedby=\"caption-attachment-2126\" style=\"width: 560px\" class=\"wp-caption alignleft\"><a href=\"https:\/\/www.cafephotomarseille.org\/wp-content\/uploads\/2013\/09\/image_4.jpeg\"><img loading=\"lazy\" decoding=\"async\" class=\" wp-image-2126 \" alt=\"Suite de l'exposition\" src=\"https:\/\/www.cafephotomarseille.org\/wp-content\/uploads\/2013\/09\/image_4.jpeg\" width=\"560\" height=\"371\" srcset=\"https:\/\/www.cafephotomarseille.org\/wp-content\/uploads\/2013\/09\/image_4.jpeg 800w, https:\/\/www.cafephotomarseille.org\/wp-content\/uploads\/2013\/09\/image_4-288x190.jpeg 288w, https:\/\/www.cafephotomarseille.org\/wp-content\/uploads\/2013\/09\/image_4-494x327.jpeg 494w\" sizes=\"(max-width: 560px) 100vw, 560px\" \/><\/a><figcaption id=\"caption-attachment-2126\" class=\"wp-caption-text\">Suite de l&rsquo;exposition<\/figcaption><\/figure>\n<figure id=\"attachment_2127\" aria-describedby=\"caption-attachment-2127\" style=\"width: 560px\" class=\"wp-caption alignleft\"><a href=\"https:\/\/www.cafephotomarseille.org\/wp-content\/uploads\/2013\/09\/image_5.jpeg\"><img loading=\"lazy\" decoding=\"async\" class=\" wp-image-2127 \" alt=\"Suite de l'exposition\" src=\"https:\/\/www.cafephotomarseille.org\/wp-content\/uploads\/2013\/09\/image_5.jpeg\" width=\"560\" height=\"371\" srcset=\"https:\/\/www.cafephotomarseille.org\/wp-content\/uploads\/2013\/09\/image_5.jpeg 800w, https:\/\/www.cafephotomarseille.org\/wp-content\/uploads\/2013\/09\/image_5-288x190.jpeg 288w, https:\/\/www.cafephotomarseille.org\/wp-content\/uploads\/2013\/09\/image_5-494x327.jpeg 494w\" sizes=\"(max-width: 560px) 100vw, 560px\" \/><\/a><figcaption id=\"caption-attachment-2127\" class=\"wp-caption-text\">Suite de l&rsquo;exposition<\/figcaption><\/figure>\n","protected":false},"excerpt":{"rendered":"<p>La premi\u00e8re quinzaine photographique de l&rsquo;exposition collective ensemble a d\u00e9marr\u00e9 samedi 14 septembre avec \u00e0 10h30 la conf\u00e9rence intitul\u00e9e \u00ab\u00a0Le polaroid : mythe ou r\u00e9alit\u00e9 ?\u00a0\u00bb. Plus d&rsquo;une soixantaine de personnes avaient fait le d\u00e9placement pour d\u00e9couvrir ou approfondir leurs connaissances sur les appareils, films mais aussi techniques cr\u00e9atives autour du Polaroid, objet mythique et &hellip; <\/p>\n<p class=\"link-more\"><a href=\"https:\/\/www.cafephotomarseille.org\/?p=2123\" class=\"more-link\">Lire la suite de<span class=\"screen-reader-text\">\u00ab\u00a0Exposition ensemble(s) : premier bilan en images avant la seconde quinzaine photographique !\u00a0\u00bb<\/span><\/a><\/p>\n","protected":false},"author":1,"featured_media":0,"comment_status":"closed","ping_status":"closed","sticky":false,"template":"","format":"standard","meta":{"footnotes":""},"categories":[6,65,12,14],"tags":[],"class_list":["post-2123","post","type-post","status-publish","format-standard","hentry","category-agenda","category-projets","category-rdv-mensuel","category-zoom-sur"],"featured_media_urls":[],"_links":{"self":[{"href":"https:\/\/www.cafephotomarseille.org\/index.php?rest_route=\/wp\/v2\/posts\/2123","targetHints":{"allow":["GET"]}}],"collection":[{"href":"https:\/\/www.cafephotomarseille.org\/index.php?rest_route=\/wp\/v2\/posts"}],"about":[{"href":"https:\/\/www.cafephotomarseille.org\/index.php?rest_route=\/wp\/v2\/types\/post"}],"author":[{"embeddable":true,"href":"https:\/\/www.cafephotomarseille.org\/index.php?rest_route=\/wp\/v2\/users\/1"}],"replies":[{"embeddable":true,"href":"https:\/\/www.cafephotomarseille.org\/index.php?rest_route=%2Fwp%2Fv2%2Fcomments&post=2123"}],"version-history":[{"count":16,"href":"https:\/\/www.cafephotomarseille.org\/index.php?rest_route=\/wp\/v2\/posts\/2123\/revisions"}],"predecessor-version":[{"id":2139,"href":"https:\/\/www.cafephotomarseille.org\/index.php?rest_route=\/wp\/v2\/posts\/2123\/revisions\/2139"}],"wp:attachment":[{"href":"https:\/\/www.cafephotomarseille.org\/index.php?rest_route=%2Fwp%2Fv2%2Fmedia&parent=2123"}],"wp:term":[{"taxonomy":"category","embeddable":true,"href":"https:\/\/www.cafephotomarseille.org\/index.php?rest_route=%2Fwp%2Fv2%2Fcategories&post=2123"},{"taxonomy":"post_tag","embeddable":true,"href":"https:\/\/www.cafephotomarseille.org\/index.php?rest_route=%2Fwp%2Fv2%2Ftags&post=2123"}],"curies":[{"name":"wp","href":"https:\/\/api.w.org\/{rel}","templated":true}]}}