{"id":1690,"date":"2012-05-13T16:50:23","date_gmt":"2012-05-13T16:50:23","guid":{"rendered":"http:\/\/www.cafephotomarseille.org\/?p=1690"},"modified":"2012-06-10T11:21:57","modified_gmt":"2012-06-10T11:21:57","slug":"les-ressentis-de-jean-luc","status":"publish","type":"post","link":"https:\/\/www.cafephotomarseille.org\/?p=1690","title":{"rendered":"Festival du nu 2012, ressentis"},"content":{"rendered":"<p>FESTIVAL EUROPEEN DE PHOTOGRAPHIE DE NU<\/p>\n<p>Je voudrai simplement revenir sur notre p\u00e9riple de samedi . Ce festival de la photo de nu est bien meilleur que le pr\u00e9c\u00e9dent et par ordre chronologique de la visite revenir sur les ressentis que j&rsquo;ai \u00e9prouv\u00e9 .\u00a0A l&rsquo;espace Van-Gogh les photos de G\u00e9rard PANSERI, des nus \u00e0 mi chemin entre le tableau 19eme et la photo d\u00e9but du si\u00e8cle dernier,des soieries et des tapis d&rsquo;o\u00f9 \u00e9mergent corps d\u00e9nud\u00e9s et beaux . Puis Herv\u00e9 PARAIN qui nous a offert les \u00e9motions dans les regards de ceux qui apr\u00e8s les ann\u00e9es nous ont entrain\u00e9s entre pass\u00e9 et pr\u00e9sent , entre la photo tenue dans leurs mains et le moment bref v\u00e9cu devant l&rsquo;oeil du photographe.une s\u00e9rie de clich\u00e9s tr\u00e8s \u00e9mouvants. puis ce fut le tour de l&rsquo;archev\u00each\u00e9 avec en premier les photos de Patrick GOMME,des portions de corps vrais,sans artifices,sans lissages,avec les rides du temps,les pores,les veines,les vergetures,les grains de beaut\u00e9,les ongles mal coup\u00e9s et vernis \u00e0 ongle d\u00e9fraichis;des corps naturels.du dur mais du beau plein de douceur. puis Richard AUJARD avec les boxeurs,mais c&rsquo;est pas du nu \u00ab\u00a0ce fut ma r\u00e9flexion\u00a0\u00bb et sur le chemin du retour j&rsquo;y ai repens\u00e9 et pourtant oui c&rsquo;est du nu,celui de l&rsquo;\u00eatre seul dans son combat o\u00f9 il met son \u00e2me et son corps \u00e0 nu face \u00e0 l&rsquo;adversaire,il est nu dans ses gants et son short trop grand.et apr\u00e8s Louis BLANC avec ses autoportraits \u00ab\u00a0CORPUS\u00a0\u00bb alliant beaut\u00e9,simplicit\u00e9,des tirages \u00e0 couper le souffle et une grande modestie.\u00a0A la Galerie du mus\u00e9e Sergio VERANES avec du grand mais du beau classique,du bien l\u00e9ch\u00e9,du nu que l&rsquo;on ne se lasse pas de regarder,et pourtant un style tr\u00e8s personnel qui suscite l&rsquo;admiration. et enfin \u00e0 la \u00ab\u00a0Galerie Huit\u00a0\u00bb Martial LENOIR avec des photos qui rappellent celles du d\u00e9but du si\u00e8cle dernier avec dans les regards des personnages dans leurs maquillages un je ne sais quoi de \u00ab\u00a0Sarah MOON\u00a0\u00bb. voil\u00e0 mes ressentis.Pour ceux qui n&rsquo;y sont pas all\u00e9s \u00ab\u00a0allez y\u00a0\u00bb il me reste \u00e0 faire les \u00ab\u00a0Baux des Provence\u00a0\u00bb<\/p>\n<p>Jean-Luc Lacroix<\/p>\n","protected":false},"excerpt":{"rendered":"<p>FESTIVAL EUROPEEN DE PHOTOGRAPHIE DE NU Je voudrai simplement revenir sur notre p\u00e9riple de samedi . Ce festival de la photo de nu est bien meilleur que le pr\u00e9c\u00e9dent et par ordre chronologique de la visite revenir sur les ressentis que j&rsquo;ai \u00e9prouv\u00e9 .\u00a0A l&rsquo;espace Van-Gogh les photos de G\u00e9rard PANSERI, des nus \u00e0 mi &hellip; <\/p>\n<p class=\"link-more\"><a href=\"https:\/\/www.cafephotomarseille.org\/?p=1690\" class=\"more-link\">Lire la suite de<span class=\"screen-reader-text\">\u00ab\u00a0Festival du nu 2012, ressentis\u00a0\u00bb<\/span><\/a><\/p>\n","protected":false},"author":1,"featured_media":1691,"comment_status":"open","ping_status":"closed","sticky":false,"template":"","format":"standard","meta":{"footnotes":""},"categories":[6,12],"tags":[54,25,33],"class_list":["post-1690","post","type-post","status-publish","format-standard","has-post-thumbnail","hentry","category-agenda","category-rdv-mensuel","tag-arles","tag-festival","tag-jean-luc-lacroix"],"featured_media_urls":{"thumbnail":["https:\/\/www.cafephotomarseille.org\/wp-content\/uploads\/2012\/05\/548400_405904739432944_374401829249902_1348025_1061304397_n-290x290.jpg",290,290,true],"medium":["https:\/\/www.cafephotomarseille.org\/wp-content\/uploads\/2012\/05\/548400_405904739432944_374401829249902_1348025_1061304397_n-288x288.jpg",288,288,true],"medium_large":["https:\/\/www.cafephotomarseille.org\/wp-content\/uploads\/2012\/05\/548400_405904739432944_374401829249902_1348025_1061304397_n.jpg",768,768,false],"large":["https:\/\/www.cafephotomarseille.org\/wp-content\/uploads\/2012\/05\/548400_405904739432944_374401829249902_1348025_1061304397_n-494x494.jpg",494,494,true],"1536x1536":["https:\/\/www.cafephotomarseille.org\/wp-content\/uploads\/2012\/05\/548400_405904739432944_374401829249902_1348025_1061304397_n.jpg",960,960,false],"2048x2048":["https:\/\/www.cafephotomarseille.org\/wp-content\/uploads\/2012\/05\/548400_405904739432944_374401829249902_1348025_1061304397_n.jpg",960,960,false],"inspiro-featured-image":["https:\/\/www.cafephotomarseille.org\/wp-content\/uploads\/2012\/05\/548400_405904739432944_374401829249902_1348025_1061304397_n.jpg",960,960,false],"inspiro-loop":["https:\/\/www.cafephotomarseille.org\/wp-content\/uploads\/2012\/05\/548400_405904739432944_374401829249902_1348025_1061304397_n-950x320.jpg",950,320,true],"inspiro-loop@2x":["https:\/\/www.cafephotomarseille.org\/wp-content\/uploads\/2012\/05\/548400_405904739432944_374401829249902_1348025_1061304397_n-960x640.jpg",960,640,true],"portfolio_item-thumbnail":["https:\/\/www.cafephotomarseille.org\/wp-content\/uploads\/2012\/05\/548400_405904739432944_374401829249902_1348025_1061304397_n-600x400.jpg",600,400,true],"portfolio_item-thumbnail@2x":["https:\/\/www.cafephotomarseille.org\/wp-content\/uploads\/2012\/05\/548400_405904739432944_374401829249902_1348025_1061304397_n-960x800.jpg",960,800,true],"portfolio_item-masonry":["https:\/\/www.cafephotomarseille.org\/wp-content\/uploads\/2012\/05\/548400_405904739432944_374401829249902_1348025_1061304397_n-600x600.jpg",600,600,true],"portfolio_item-masonry@2x":["https:\/\/www.cafephotomarseille.org\/wp-content\/uploads\/2012\/05\/548400_405904739432944_374401829249902_1348025_1061304397_n.jpg",960,960,false],"portfolio_item-thumbnail_cinema":["https:\/\/www.cafephotomarseille.org\/wp-content\/uploads\/2012\/05\/548400_405904739432944_374401829249902_1348025_1061304397_n-800x335.jpg",800,335,true],"portfolio_item-thumbnail_portrait":["https:\/\/www.cafephotomarseille.org\/wp-content\/uploads\/2012\/05\/548400_405904739432944_374401829249902_1348025_1061304397_n-600x900.jpg",600,900,true],"portfolio_item-thumbnail_portrait@2x":["https:\/\/www.cafephotomarseille.org\/wp-content\/uploads\/2012\/05\/548400_405904739432944_374401829249902_1348025_1061304397_n.jpg",960,960,false],"portfolio_item-thumbnail_square":["https:\/\/www.cafephotomarseille.org\/wp-content\/uploads\/2012\/05\/548400_405904739432944_374401829249902_1348025_1061304397_n-800x800.jpg",800,800,true]},"_links":{"self":[{"href":"https:\/\/www.cafephotomarseille.org\/index.php?rest_route=\/wp\/v2\/posts\/1690","targetHints":{"allow":["GET"]}}],"collection":[{"href":"https:\/\/www.cafephotomarseille.org\/index.php?rest_route=\/wp\/v2\/posts"}],"about":[{"href":"https:\/\/www.cafephotomarseille.org\/index.php?rest_route=\/wp\/v2\/types\/post"}],"author":[{"embeddable":true,"href":"https:\/\/www.cafephotomarseille.org\/index.php?rest_route=\/wp\/v2\/users\/1"}],"replies":[{"embeddable":true,"href":"https:\/\/www.cafephotomarseille.org\/index.php?rest_route=%2Fwp%2Fv2%2Fcomments&post=1690"}],"version-history":[{"count":3,"href":"https:\/\/www.cafephotomarseille.org\/index.php?rest_route=\/wp\/v2\/posts\/1690\/revisions"}],"predecessor-version":[{"id":1736,"href":"https:\/\/www.cafephotomarseille.org\/index.php?rest_route=\/wp\/v2\/posts\/1690\/revisions\/1736"}],"wp:featuredmedia":[{"embeddable":true,"href":"https:\/\/www.cafephotomarseille.org\/index.php?rest_route=\/wp\/v2\/media\/1691"}],"wp:attachment":[{"href":"https:\/\/www.cafephotomarseille.org\/index.php?rest_route=%2Fwp%2Fv2%2Fmedia&parent=1690"}],"wp:term":[{"taxonomy":"category","embeddable":true,"href":"https:\/\/www.cafephotomarseille.org\/index.php?rest_route=%2Fwp%2Fv2%2Fcategories&post=1690"},{"taxonomy":"post_tag","embeddable":true,"href":"https:\/\/www.cafephotomarseille.org\/index.php?rest_route=%2Fwp%2Fv2%2Ftags&post=1690"}],"curies":[{"name":"wp","href":"https:\/\/api.w.org\/{rel}","templated":true}]}}