{"id":1585,"date":"2012-04-10T14:08:16","date_gmt":"2012-04-10T14:08:16","guid":{"rendered":"http:\/\/www.cafephotomarseille.org\/?p=1585"},"modified":"2012-08-28T15:20:51","modified_gmt":"2012-08-28T15:20:51","slug":"premier-stage-lumiere-studio-par-laurent-yeghicheyan","status":"publish","type":"post","link":"https:\/\/www.cafephotomarseille.org\/?p=1585","title":{"rendered":"Premier stage \u00ab\u00a0Lumi\u00e8re Studio\u00a0\u00bb par Laurent Yeghicheyan"},"content":{"rendered":"<p style=\"text-align: center;\"><img fetchpriority=\"high\" decoding=\"async\" class=\"wp-image-1593 aligncenter\" style=\"margin-left: 5px; margin-right: 5px;\" title=\"DSC_4413 web\" src=\"https:\/\/www.cafephotomarseille.org\/wp-content\/uploads\/2012\/04\/DSC_4413-web.jpg\" alt=\"\" width=\"321\" height=\"213\" align=\"left\" srcset=\"https:\/\/www.cafephotomarseille.org\/wp-content\/uploads\/2012\/04\/DSC_4413-web.jpg 480w, https:\/\/www.cafephotomarseille.org\/wp-content\/uploads\/2012\/04\/DSC_4413-web-288x190.jpg 288w\" sizes=\"(max-width: 321px) 100vw, 321px\" \/><\/p>\n<p style=\"text-align: left;\">Samedi 7 avril 2012 9h<br \/>\nSept Photographes du \u00ab\u00a0Caf\u00e9 Photo Marseille\u00a0\u00bb Anne, Marie-Anne, Amandine, Laurence, Yvan, Andr\u00e9 et moi -m\u00eame (Philippe).<\/p>\n<p>Un Formateur\u00a0: Laurent Yeghicheyan<\/p>\n<p>Un lieu\u00a0: le studio situ\u00e9 au dessus des locaux du Laboratoire R\u00e9tine au 85 rue d&rsquo;Italie 13006.<\/p>\n<p>Motiv\u00e9s et bard\u00e9s de notre mat\u00e9riel photo nous \u00e9tions fin\u00a0pr\u00eats \u00e0 d\u00e9couvrir\u00a0 les secrets de la prise de vue en studio pour le premier stage \u00ab\u00a0Lumi\u00e8re Studio\u00a0\u00bb organis\u00e9 par Laurent. <!--more--><\/p>\n<p>Apr\u00e8s nous avoir offert un caf\u00e9 et quelques petites douceurs, Laurent est entr\u00e9 dans le vif du sujet en commen\u00e7ant par nous expliquer quelques principes sur\u00a0la lumi\u00e8re\u00a0 et par une pr\u00e9sentation du mat\u00e9riel disponible dans le studio, ( Parapluie, bo\u00eete \u00e0 lumi\u00e8re, bol, nid d&rsquo;abeilles, r\u00e9flecteur&#8230;).<\/p>\n<p>Dans une ambiance (tr\u00e8s) d\u00e9tendue et gr\u00e2ce au savoir faire p\u00e9dagogique de Laurent nous avons abord\u00e9 les diff\u00e9rentes techniques de mise en lumi\u00e8re du sujet, le positionnement du mod\u00e8le par rapport au fond, les types et couleurs des fonds, le contexte d&rsquo;\u00e9clairage du lieu ainsi que la d\u00e9couverte des possibilit\u00e9s de nos appareils photo.<\/p>\n<p>Travaux pratique \u00e0 la clef nous avons pu tester \u00ab\u00a0en live\u00a0\u00bb jouant tour \u00e0 tour les r\u00f4les de mod\u00e8le ou de photographe les diff\u00e9rentes combinaisons d&rsquo;\u00e9clairages mis \u00e0 notre disposition.<\/p>\n<p>Analyse et lecture des images num\u00e9riques,\u00a0 discutions autour du maquillage du mod\u00e8le nous ont amen\u00e9 \u00e0 la fin du stage vers 13h.<\/p>\n<p>Je vous recommande chaudement ce stage.La motivation, la p\u00e9dagogie de notre formateur et la bonne humeur de tous les participants nous ont permis de passer une tr\u00e8s agr\u00e9able et tr\u00e8s instructive matin\u00e9e.Pour cette \u00ab\u00a0premi\u00e8re\u00a0\u00bb le bilan est tr\u00e8s positif \u00e0 l&rsquo;\u00e9coute des r\u00e9actions \u00e0 chaud des participants.<\/p>\n<p>Merci laurent.<\/p>\n<p>Pour Infos\u00a0:<\/p>\n<p>Laurent organise deux types de stages dans le studio du Laboratoire R\u00e9tine au 85 rue d&rsquo;Italie 13006<\/p>\n<p>Un\u00a0stage <strong>\u00ab\u00a0Lumi\u00e8re Studio\u00a0\u00bb<\/strong> sur une demi-journ\u00e9e<\/p>\n<p>Un\u00a0stage <strong>\u00ab\u00a0Portrait Studio\u00a0\u00bb<\/strong> sur une journ\u00e9e <span style=\"font-family: Arial, sans-serif;\">(stage avec mod\u00e8le) <\/span><\/p>\n<p>Pour plus d&rsquo;information n&rsquo;h\u00e9sitez pas \u00e0 contacter Laurent par mail\u00a0: <a href=\"mailto:naissancedimage@gmail.com\">naissancedimage[at]gmail.com<\/a><\/p>\n<p>ou \u00e0 vous reporter sur la page Facebook officielle du <strong>Caf\u00e9 Photo Marseille<\/strong><\/p>\n<p>&nbsp;<\/p>\n","protected":false},"excerpt":{"rendered":"<p>Samedi 7 avril 2012 9h Sept Photographes du \u00ab\u00a0Caf\u00e9 Photo Marseille\u00a0\u00bb Anne, Marie-Anne, Amandine, Laurence, Yvan, Andr\u00e9 et moi -m\u00eame (Philippe). Un Formateur\u00a0: Laurent Yeghicheyan Un lieu\u00a0: le studio situ\u00e9 au dessus des locaux du Laboratoire R\u00e9tine au 85 rue d&rsquo;Italie 13006. Motiv\u00e9s et bard\u00e9s de notre mat\u00e9riel photo nous \u00e9tions fin\u00a0pr\u00eats \u00e0 d\u00e9couvrir\u00a0 les &hellip; <\/p>\n<p class=\"link-more\"><a href=\"https:\/\/www.cafephotomarseille.org\/?p=1585\" class=\"more-link\">Lire la suite de<span class=\"screen-reader-text\">\u00ab\u00a0Premier stage \u00ab\u00a0Lumi\u00e8re Studio\u00a0\u00bb par Laurent Yeghicheyan\u00a0\u00bb<\/span><\/a><\/p>\n","protected":false},"author":1,"featured_media":1647,"comment_status":"closed","ping_status":"closed","sticky":false,"template":"","format":"standard","meta":{"footnotes":""},"categories":[14],"tags":[84,85],"class_list":["post-1585","post","type-post","status-publish","format-standard","has-post-thumbnail","hentry","category-zoom-sur","tag-stage","tag-studio"],"featured_media_urls":{"thumbnail":["https:\/\/www.cafephotomarseille.org\/wp-content\/uploads\/2012\/04\/DSC_4451-cpn-290x290.jpg",290,290,true],"medium":["https:\/\/www.cafephotomarseille.org\/wp-content\/uploads\/2012\/04\/DSC_4451-cpn-288x216.jpg",288,216,true],"medium_large":["https:\/\/www.cafephotomarseille.org\/wp-content\/uploads\/2012\/04\/DSC_4451-cpn.jpg",768,576,false],"large":["https:\/\/www.cafephotomarseille.org\/wp-content\/uploads\/2012\/04\/DSC_4451-cpn-494x370.jpg",494,370,true],"1536x1536":["https:\/\/www.cafephotomarseille.org\/wp-content\/uploads\/2012\/04\/DSC_4451-cpn.jpg",933,700,false],"2048x2048":["https:\/\/www.cafephotomarseille.org\/wp-content\/uploads\/2012\/04\/DSC_4451-cpn.jpg",933,700,false],"inspiro-featured-image":["https:\/\/www.cafephotomarseille.org\/wp-content\/uploads\/2012\/04\/DSC_4451-cpn.jpg",933,700,false],"inspiro-loop":["https:\/\/www.cafephotomarseille.org\/wp-content\/uploads\/2012\/04\/DSC_4451-cpn-933x320.jpg",933,320,true],"inspiro-loop@2x":["https:\/\/www.cafephotomarseille.org\/wp-content\/uploads\/2012\/04\/DSC_4451-cpn-933x640.jpg",933,640,true],"portfolio_item-thumbnail":["https:\/\/www.cafephotomarseille.org\/wp-content\/uploads\/2012\/04\/DSC_4451-cpn-600x400.jpg",600,400,true],"portfolio_item-thumbnail@2x":["https:\/\/www.cafephotomarseille.org\/wp-content\/uploads\/2012\/04\/DSC_4451-cpn.jpg",933,700,false],"portfolio_item-masonry":["https:\/\/www.cafephotomarseille.org\/wp-content\/uploads\/2012\/04\/DSC_4451-cpn-600x450.jpg",600,450,true],"portfolio_item-masonry@2x":["https:\/\/www.cafephotomarseille.org\/wp-content\/uploads\/2012\/04\/DSC_4451-cpn.jpg",933,700,false],"portfolio_item-thumbnail_cinema":["https:\/\/www.cafephotomarseille.org\/wp-content\/uploads\/2012\/04\/DSC_4451-cpn-800x335.jpg",800,335,true],"portfolio_item-thumbnail_portrait":["https:\/\/www.cafephotomarseille.org\/wp-content\/uploads\/2012\/04\/DSC_4451-cpn-600x700.jpg",600,700,true],"portfolio_item-thumbnail_portrait@2x":["https:\/\/www.cafephotomarseille.org\/wp-content\/uploads\/2012\/04\/DSC_4451-cpn.jpg",933,700,false],"portfolio_item-thumbnail_square":["https:\/\/www.cafephotomarseille.org\/wp-content\/uploads\/2012\/04\/DSC_4451-cpn-800x700.jpg",800,700,true]},"_links":{"self":[{"href":"https:\/\/www.cafephotomarseille.org\/index.php?rest_route=\/wp\/v2\/posts\/1585","targetHints":{"allow":["GET"]}}],"collection":[{"href":"https:\/\/www.cafephotomarseille.org\/index.php?rest_route=\/wp\/v2\/posts"}],"about":[{"href":"https:\/\/www.cafephotomarseille.org\/index.php?rest_route=\/wp\/v2\/types\/post"}],"author":[{"embeddable":true,"href":"https:\/\/www.cafephotomarseille.org\/index.php?rest_route=\/wp\/v2\/users\/1"}],"replies":[{"embeddable":true,"href":"https:\/\/www.cafephotomarseille.org\/index.php?rest_route=%2Fwp%2Fv2%2Fcomments&post=1585"}],"version-history":[{"count":56,"href":"https:\/\/www.cafephotomarseille.org\/index.php?rest_route=\/wp\/v2\/posts\/1585\/revisions"}],"predecessor-version":[{"id":1868,"href":"https:\/\/www.cafephotomarseille.org\/index.php?rest_route=\/wp\/v2\/posts\/1585\/revisions\/1868"}],"wp:featuredmedia":[{"embeddable":true,"href":"https:\/\/www.cafephotomarseille.org\/index.php?rest_route=\/wp\/v2\/media\/1647"}],"wp:attachment":[{"href":"https:\/\/www.cafephotomarseille.org\/index.php?rest_route=%2Fwp%2Fv2%2Fmedia&parent=1585"}],"wp:term":[{"taxonomy":"category","embeddable":true,"href":"https:\/\/www.cafephotomarseille.org\/index.php?rest_route=%2Fwp%2Fv2%2Fcategories&post=1585"},{"taxonomy":"post_tag","embeddable":true,"href":"https:\/\/www.cafephotomarseille.org\/index.php?rest_route=%2Fwp%2Fv2%2Ftags&post=1585"}],"curies":[{"name":"wp","href":"https:\/\/api.w.org\/{rel}","templated":true}]}}